{"id":97,"date":"2005-01-09T06:00:29","date_gmt":"2005-01-09T05:00:29","guid":{"rendered":"http:\/\/www.lacuruxa.org\/weblog\/index.php\/2005\/01\/09\/caleao-pena-riegos-soto-de-agues\/"},"modified":"2005-01-09T06:00:29","modified_gmt":"2005-01-09T05:00:29","slug":"caleao-pena-riegos-soto-de-agues","status":"publish","type":"post","link":"https:\/\/lacuruxa.org\/index.php\/2005\/01\/09\/caleao-pena-riegos-soto-de-agues\/","title":{"rendered":"Caleao &#8211; Pe\u00f1a Riegos &#8211; Soto de Agues"},"content":{"rendered":"<p><img decoding=\"async\" src=\"http:\/\/www.lacuruxa.org\/2005\/fotos_rutas\/01.jpg\" alt=\"foto de la ruta\" \/><\/p>\n<p>Iniciamos esta salida, en el pueblo cas\u00edn de Caleao a 717 m. de altitud; en la parte alta del pueblo tomamos un camino ancho que va subiendo hacia el NO. atravesando las prader\u00edas del valle. Un desv\u00edo hacia la izquierda nos lleva a las majadas de Valdezancos y Los Llanos, un poco m\u00e1s adelante alcanzar la collada Isorno, situada a 1.210 m. de altitud. Desde la collada Isorno hacia el N. vamos remontando c\u00f3modamente la ladera para alcanzar la cumbre de Pe\u00f1a Riegos (1.389 m.) donde se contempla una magn\u00edfica panor\u00e1mica de los concejos de Caso y Sobrescobio. Descendemos hacia el O. hasta llegar a la hondonada, donde se encuentran las caba\u00f1as derruidas de las Morteras. Seguimos por la campera de la derecha, para tomar un sendero que enlaza despu\u00e9s con el camino de Fresno a Busprid; para conducirnos por el collado El Cobertorial a la mayada de los Fresnos, situada a 1.015 m. de altitud. Desde los Fresnos tomamos el ramal de la pista que desciende al SE. para girar junto a la riega al SO. penetrando en el bosque; vuelve otra vez al SE. al acercarse a la otra riega; para llegar al fondo del valle por donde discurre el r\u00edo Nozal\u00edn. El camino de firme empedrado sigue descendiendo bajo los contrafuertes de Pe\u00f1a Yagos y Piqueros, hasta alcanzar la Foz de Nozal\u00edn, donde se produce un estrangulamiento del valle y el r\u00edo se precipita en cascada. Finalmente el valle se va abriendo y llegamos a Soto de Agues, situado a 440 m. de altitud, dentro del concejo de Sobrescobio<\/p>\n<p><img decoding=\"async\" src=\"http:\/\/www.lacuruxa.org\/2005\/fotos_mapas\/01.jpg\" alt=\"mapa de la ruta\" \/><\/p>\n","protected":false},"excerpt":{"rendered":"<p>Iniciamos esta salida, en el pueblo cas\u00edn de Caleao a 717 m. de altitud; en la parte alta del pueblo tomamos un camino ancho que va subiendo hacia el NO. atravesando las prader\u00edas del valle. Un desv\u00edo hacia la izquierda nos lleva a las majadas de Valdezancos y Los Llanos, un poco m\u00e1s adelante alcanzar [&hellip;]<\/p>\n","protected":false},"author":40,"featured_media":0,"comment_status":"open","ping_status":"open","sticky":false,"template":"","format":"standard","meta":{"ngg_post_thumbnail":0,"footnotes":""},"categories":[17,2,28,21,27,8,13],"tags":[],"class_list":{"0":"post-97","1":"post","2":"type-post","3":"status-publish","4":"format-standard","6":"category-17","7":"category-anos","8":"category-caso","9":"category-concejos","10":"category-sobrescobio","11":"category-tipo-de-ruta","12":"category-travesia","13":"czr-hentry"},"_links":{"self":[{"href":"https:\/\/lacuruxa.org\/index.php\/wp-json\/wp\/v2\/posts\/97","targetHints":{"allow":["GET"]}}],"collection":[{"href":"https:\/\/lacuruxa.org\/index.php\/wp-json\/wp\/v2\/posts"}],"about":[{"href":"https:\/\/lacuruxa.org\/index.php\/wp-json\/wp\/v2\/types\/post"}],"author":[{"embeddable":true,"href":"https:\/\/lacuruxa.org\/index.php\/wp-json\/wp\/v2\/users\/40"}],"replies":[{"embeddable":true,"href":"https:\/\/lacuruxa.org\/index.php\/wp-json\/wp\/v2\/comments?post=97"}],"version-history":[{"count":0,"href":"https:\/\/lacuruxa.org\/index.php\/wp-json\/wp\/v2\/posts\/97\/revisions"}],"wp:attachment":[{"href":"https:\/\/lacuruxa.org\/index.php\/wp-json\/wp\/v2\/media?parent=97"}],"wp:term":[{"taxonomy":"category","embeddable":true,"href":"https:\/\/lacuruxa.org\/index.php\/wp-json\/wp\/v2\/categories?post=97"},{"taxonomy":"post_tag","embeddable":true,"href":"https:\/\/lacuruxa.org\/index.php\/wp-json\/wp\/v2\/tags?post=97"}],"curies":[{"name":"wp","href":"https:\/\/api.w.org\/{rel}","templated":true}]}}