{"id":903,"date":"2012-06-23T07:00:38","date_gmt":"2012-06-23T05:00:38","guid":{"rendered":"http:\/\/www.lacuruxa.org\/?p=903"},"modified":"2021-01-09T18:19:12","modified_gmt":"2021-01-09T17:19:12","slug":"pendilla-senda-la-carisa-la-cobertoria-lena","status":"publish","type":"post","link":"https:\/\/lacuruxa.org\/index.php\/2012\/06\/23\/pendilla-senda-la-carisa-la-cobertoria-lena\/","title":{"rendered":"Pendilla &#8212; Senda La Carisa &#8212; La Cobertoria (Lena)"},"content":{"rendered":"\n<p>La v\u00eda romana de la Carisa, corresponde al trazado de uno de esos caminos de origen prehist\u00f3rico que se adentra en Asturias desde la meseta leonesa, atravesando la barrera monta\u00f1osa de la Cordillera Cant\u00e1brica.<\/p>\n\n\n\n<p>Al igual que el vecino camino romano de la Mesa, esta privilegiada calzada estaba considerada como la m\u00e1s tradicional y transitada dentro de las posibilidades orogr\u00e1ficas que presentaba la regi\u00f3n.<\/p>\n\n\n\n<p>De manera singular el itinerario de esta v\u00eda, discurre entre las cuencas del Bernesga en Le\u00f3n y el Caudal en Asturias, por la cumbrera del Cordal de Carracedo y Sierra de Ranero y a caballo de los valles de Aller y Lena; dominando desde las alturas majadas, valles y aldeas.<\/p>\n\n\n\n<p>Nuestro recorrido se inicia en el pueblo leon\u00e9s de Pendilla a 1337m. de altitud, siguiendo la traza de la pista de tierra que valle arriba nos lleva a la collada Propinde.<\/p>\n\n\n\n<p>Continuamos hacia la majada Cue\u00f1a Fierros, localizada a una altitud de 1600 m. sobre la plataforma herbosa al abrigo de la ladera occidental del Pico Tres Concejos. M\u00e1s adelante el Mayau Fierros, un oasis vegetal con ruinas de varias caba\u00f1as pastoriles. Nos dirigimos a la Cruz de Fuentes, amplia collada localizada a 1691 m., que delimita territorios de Aller y Lena.<\/p>\n\n\n\n<p>A partir de aqu\u00ed la v\u00eda romana de la Carisa discurre sin apenas altibajos por lo m\u00e1s elevado del Cordal de Carracedo. Cruza lugares singulares como: la Boya, el Aciu, Carracedo, la R\u00f3bliga, Chag\u00fcezos, Espines\u2026<\/p>\n\n\n\n<p>En la majada Espines, un bello rinc\u00f3n salpicado de acebos y espineras se eleva hacia poniente el pico Espines una de las monta\u00f1as m\u00e1s significativas del Cordal; iniciamos un descenso por una de las numerosas variantes de la v\u00eda romana de la Carisa, que nos lleva a trav\u00e9s del valle de Columbiellu a la aldea de Columbiellu y a la Cobertoria (320 m.) en el concejo de Lena donde finalizamos esta salida.<\/p>\n\n\n\n<p><b>Mapa de la ruta<\/b><\/p>\n\n\n\n<figure class=\"wp-block-image size-large is-resized\"><img loading=\"lazy\" decoding=\"async\" src=\"https:\/\/lacuruxa.org\/wp-content\/uploads\/2021\/01\/2012-06-23-pendiella-via-romana-de-la-carisa-la-cobertoria_6311857244_o.jpg\" alt=\"2012-06-23-PENDIELLA-VIA ROMANA DE LA CARISA-LA COBERTORIA\" width=\"554\" height=\"819\"\/><\/figure>\n\n\n\n<blockquote class=\"wp-block-quote is-layout-flow wp-block-quote-is-layout-flow\"><p><a href=\"https:\/\/skydrive.live.com\/?cid=3a6ea663ef6478d1&amp;Bsrc=Share&amp;Bpub=SDX.SkyDrive&amp;sc=Photos&amp;resid=3A6EA663EF6478D1!8084&amp;id=3A6EA663EF6478D1!8084\"><strong>Ricardo L\u00f3pez Roces<\/strong><\/a>, muy amablemente, nos env\u00eda la galer\u00eda con sus fotos de esta ruta.<\/p><\/blockquote>\n\n\n\n<p><strong>Galer\u00eda de fotos de la ruta<\/strong><br>ngg_shortcode_0_placeholder<\/p>\n","protected":false},"excerpt":{"rendered":"<p>La v\u00eda romana de la Carisa, corresponde al trazado de uno de esos caminos de origen prehist\u00f3rico que se adentra en Asturias desde la meseta leonesa, atravesando la barrera monta\u00f1osa de la Cordillera Cant\u00e1brica. Al igual que el vecino camino romano de la Mesa, esta privilegiada calzada estaba considerada como la m\u00e1s tradicional y transitada [&hellip;]<\/p>\n","protected":false},"author":40,"featured_media":0,"comment_status":"open","ping_status":"open","sticky":false,"template":"","format":"standard","meta":{"ngg_post_thumbnail":0,"footnotes":""},"categories":[235,35,34,40,13],"tags":[597,541,540,286,322,547,108,284,236,285,532,109],"class_list":{"0":"post-903","1":"post","2":"type-post","3":"status-publish","4":"format-standard","6":"category-235","7":"category-aller","8":"category-castilla-y-leon","9":"category-lena","10":"category-travesia","11":"tag-597","12":"tag-aller","13":"tag-castilla-y-leon","14":"tag-la-cobertoria","15":"tag-lacuruxa","16":"tag-lena","17":"tag-leon","18":"tag-pendilla","19":"tag-rutas","20":"tag-senda-la-carisa","21":"tag-travesia","22":"tag-villamanin","23":"czr-hentry"},"_links":{"self":[{"href":"https:\/\/lacuruxa.org\/index.php\/wp-json\/wp\/v2\/posts\/903","targetHints":{"allow":["GET"]}}],"collection":[{"href":"https:\/\/lacuruxa.org\/index.php\/wp-json\/wp\/v2\/posts"}],"about":[{"href":"https:\/\/lacuruxa.org\/index.php\/wp-json\/wp\/v2\/types\/post"}],"author":[{"embeddable":true,"href":"https:\/\/lacuruxa.org\/index.php\/wp-json\/wp\/v2\/users\/40"}],"replies":[{"embeddable":true,"href":"https:\/\/lacuruxa.org\/index.php\/wp-json\/wp\/v2\/comments?post=903"}],"version-history":[{"count":12,"href":"https:\/\/lacuruxa.org\/index.php\/wp-json\/wp\/v2\/posts\/903\/revisions"}],"predecessor-version":[{"id":7075,"href":"https:\/\/lacuruxa.org\/index.php\/wp-json\/wp\/v2\/posts\/903\/revisions\/7075"}],"wp:attachment":[{"href":"https:\/\/lacuruxa.org\/index.php\/wp-json\/wp\/v2\/media?parent=903"}],"wp:term":[{"taxonomy":"category","embeddable":true,"href":"https:\/\/lacuruxa.org\/index.php\/wp-json\/wp\/v2\/categories?post=903"},{"taxonomy":"post_tag","embeddable":true,"href":"https:\/\/lacuruxa.org\/index.php\/wp-json\/wp\/v2\/tags?post=903"}],"curies":[{"name":"wp","href":"https:\/\/api.w.org\/{rel}","templated":true}]}}