{"id":873,"date":"2012-04-14T07:00:40","date_gmt":"2012-04-14T05:00:40","guid":{"rendered":"http:\/\/www.lacuruxa.org\/?p=873"},"modified":"2021-01-09T18:16:54","modified_gmt":"2021-01-09T17:16:54","slug":"buferrera-senda-frasinelli-abamia-corao","status":"publish","type":"post","link":"https:\/\/lacuruxa.org\/index.php\/2012\/04\/14\/buferrera-senda-frasinelli-abamia-corao\/","title":{"rendered":"Buferrera &#8212; Senda Frasinelli &#8212; Abamia &#8212; Corao"},"content":{"rendered":"\n<p>Comenzamos esta salida en las proximidades del lago Enol para internarnos en una peque\u00f1a vaguada denominada El Escaleru, a su derecha se abre un peque\u00f1o t\u00fanel que comunica con una caverna natural (El Furac\u00f3n), por el que hay que pasar y tomar la senda que desciende hasta Comeya.<\/p>\n\n\n\n<p>La Vega de Comeya es atravesada por un arroyo con peque\u00f1as charcas y humedales, donde el ganado vacuno y cabrio tienen su sustento. En Comeya a\u00fan podemos ver escombreras y ruinas de la actividad minera que hubo all\u00ed hasta hace pocos a\u00f1os.<\/p>\n\n\n\n<p>Una pista atraviesa la vega de parte a parte, en su final la pista asciende por la ladera, tras pasar junto a la majada de Uberd\u00f3n, de pendiente prader\u00eda, se supera la collada del mismo nombre. Seguidamente la pista desciende r\u00e1pidamente bajo el mirador de la Reina, pasamos por la campera de Canal\u00f3n y llegamos a la Huesera.<\/p>\n\n\n\n<p>Se toma el camino de Molledo, que parte a la altura de las caba\u00f1as de la Huesera, el sendero asciende bordeando la sierra Mala hacia la majada de Tara\u00f1odi\u00f3s, l\u00edmite del Parque Nacional de Covadonga; es una majada construida por dos grupos de caba\u00f1as con prader\u00edas rodeadas de muros de piedra.<\/p>\n\n\n\n<p>Bordeando Tara\u00f1odi\u00f3s por su parte superior, se inicia el descenso pasando entre Cabeza Severa y Les Carriaces, se enlaza con el \u00abCam\u00edn del Rey\u00bb, que atraviesa la cabecera del r\u00edo Umandi; el camino sigue por una zona de matorral y brezo para pasar otra vez a prader\u00eda y arbolado llegando a la majada de Uporquera, el camino nos lleva entre muros de piedra hasta el Porriqu\u00edn, desde donde se divisa el valle de G\u00fce\u00f1a.<\/p>\n\n\n\n<p>La senda se convierte en un camino carretero que discurre entre prader\u00edas, se atraviesa la Invernal de Oriente y luego llegamos a la Er\u00eda de la Canal, desde aqu\u00ed se desciende hasta las aldeas de Cueto y Aleo, enseguida llegamos a la iglesia de Abamia y por \u00faltimo al pueblo de Corao, esta localidad posee un conjunto arquitect\u00f3nico notable en casonas y palacios.<\/p>\n\n\n\n<p><b>Mapa de la ruta<\/b><\/p>\n\n\n\n<figure class=\"wp-block-image size-large is-resized\"><img loading=\"lazy\" decoding=\"async\" src=\"https:\/\/lacuruxa.org\/wp-content\/uploads\/2021\/01\/2012-04-14-buferrera-senda-frassinelli-abamia-corao_6311332329_o.jpg\" alt=\"2012-04-14-BUFERRERA-SENDA  FRASSINELLI-ABAMIA-CORAO\" width=\"554\" height=\"819\"\/><\/figure>\n\n\n\n<p><strong>Galer\u00eda de fotos de la ruta<\/strong><br>ngg_shortcode_0_placeholder<\/p>\n","protected":false},"excerpt":{"rendered":"<p>Comenzamos esta salida en las proximidades del lago Enol para internarnos en una peque\u00f1a vaguada denominada El Escaleru, a su derecha se abre un peque\u00f1o t\u00fanel que comunica con una caverna natural (El Furac\u00f3n), por el que hay que pasar y tomar la senda que desciende hasta Comeya. La Vega de Comeya es atravesada por [&hellip;]<\/p>\n","protected":false},"author":40,"featured_media":0,"comment_status":"open","ping_status":"open","sticky":false,"template":"","format":"standard","meta":{"ngg_post_thumbnail":0,"footnotes":""},"categories":[235,36,13],"tags":[597,616,614,542,617,322,236,615,532],"class_list":{"0":"post-873","1":"post","2":"type-post","3":"status-publish","4":"format-standard","6":"category-235","7":"category-cangas-de-onis","8":"category-travesia","9":"tag-597","10":"tag-abamia","11":"tag-buferrera","12":"tag-cangas-de-onis","13":"tag-corao","14":"tag-lacuruxa","15":"tag-rutas","16":"tag-senda-frasinelli","17":"tag-travesia","18":"czr-hentry"},"_links":{"self":[{"href":"https:\/\/lacuruxa.org\/index.php\/wp-json\/wp\/v2\/posts\/873","targetHints":{"allow":["GET"]}}],"collection":[{"href":"https:\/\/lacuruxa.org\/index.php\/wp-json\/wp\/v2\/posts"}],"about":[{"href":"https:\/\/lacuruxa.org\/index.php\/wp-json\/wp\/v2\/types\/post"}],"author":[{"embeddable":true,"href":"https:\/\/lacuruxa.org\/index.php\/wp-json\/wp\/v2\/users\/40"}],"replies":[{"embeddable":true,"href":"https:\/\/lacuruxa.org\/index.php\/wp-json\/wp\/v2\/comments?post=873"}],"version-history":[{"count":15,"href":"https:\/\/lacuruxa.org\/index.php\/wp-json\/wp\/v2\/posts\/873\/revisions"}],"predecessor-version":[{"id":7068,"href":"https:\/\/lacuruxa.org\/index.php\/wp-json\/wp\/v2\/posts\/873\/revisions\/7068"}],"wp:attachment":[{"href":"https:\/\/lacuruxa.org\/index.php\/wp-json\/wp\/v2\/media?parent=873"}],"wp:term":[{"taxonomy":"category","embeddable":true,"href":"https:\/\/lacuruxa.org\/index.php\/wp-json\/wp\/v2\/categories?post=873"},{"taxonomy":"post_tag","embeddable":true,"href":"https:\/\/lacuruxa.org\/index.php\/wp-json\/wp\/v2\/tags?post=873"}],"curies":[{"name":"wp","href":"https:\/\/api.w.org\/{rel}","templated":true}]}}