{"id":85,"date":"2004-06-28T06:00:08","date_gmt":"2004-06-28T05:00:08","guid":{"rendered":"http:\/\/www.lacuruxa.org\/weblog\/index.php\/2004\/06\/28\/salardu-caldes-de-bio\/"},"modified":"2004-06-28T06:00:08","modified_gmt":"2004-06-28T05:00:08","slug":"salardu-caldes-de-bio","status":"publish","type":"post","link":"https:\/\/lacuruxa.org\/index.php\/2004\/06\/28\/salardu-caldes-de-bio\/","title":{"rendered":"Salard\u00fa &#8211; Caldes de Bio"},"content":{"rendered":"<p><img decoding=\"async\" src=\"http:\/\/www.lacuruxa.org\/2004\/fotos_rutas\/15.jpg\" alt=\"foto de la ruta\" \/><\/p>\n<p>Comenzaremos como el primer d\u00eda Saliendo de Salardu en direcci\u00f3n a Aiguam\u00f2g.<\/p>\n<p>Comenzamos a caminar subiendo en direcci\u00f3n al Refugio de Colomers Desde el Estanys Major de Colomers cogemos un camino ascendente direcci\u00f3n SE, que en parte coincidir\u00e1 con el GR-11, en direcci\u00f3n a Port de la Ribereta 2.461 m. Despu\u00e9s pasaremos por un lago y llegaremos a Port de Caldes 2.567 m. Desde este collado y siguiendo un camino marcado, comenzaremos a bajar en direcci\u00f3n al refugio de Ventosa y Cavell, con una vista a nuestra derecha de la Serra dels Estanys Gelats donde varios picos sobrepasan los 2.800 m. Debajo contemplaremos varios lagos, siendo los principales Estany Port de Caldes, de los Monges, Clotes, Travessany, Llarg. y Estany Negro donde llegaremos al refugio.<\/p>\n<p>Desde el Refugio seguiremos en direcci\u00f3n Suroeste por camino marcado en roca, bajando a planell de Riumalo, donde contemplaremos un bonito salto de agua, y si tenemos suerte veremos alguna de las muchas Marmotas que habitan la zona. Seguiremos bajando hasta llegar al Estany Cavallers, el cual bordearemos por la izquierda por un camino pedregoso hasta llagar a la monumental presa construida en 1958, tiene una altura de 70 m. y 360 m. de longitud. Desde el lago embalsado comenzaremos a bajar por carretera dejando a la espalda la sobrecogedora silueta de la presa de hormig\u00f3n, caminando 4 Km. hasta llegar a Caldes de Boi, donde finalizaremos el recorrido.<\/p>\n<p>En Caldes de Boi visitaremos El Centro de Interpretaci\u00f3n ambiental Toirigo, del Parque Nacional de Aig\u00fcstortes.<\/p>\n<p><img decoding=\"async\" src=\"http:\/\/www.lacuruxa.org\/2004\/fotos_mapas\/15.jpg\" alt=\"mapa de la ruta\" \/><\/p>\n","protected":false},"excerpt":{"rendered":"<p>Comenzaremos como el primer d\u00eda Saliendo de Salardu en direcci\u00f3n a Aiguam\u00f2g. Comenzamos a caminar subiendo en direcci\u00f3n al Refugio de Colomers Desde el Estanys Major de Colomers cogemos un camino ascendente direcci\u00f3n SE, que en parte coincidir\u00e1 con el GR-11, en direcci\u00f3n a Port de la Ribereta 2.461 m. Despu\u00e9s pasaremos por un lago [&hellip;]<\/p>\n","protected":false},"author":40,"featured_media":0,"comment_status":"open","ping_status":"open","sticky":false,"template":"","format":"standard","meta":{"ngg_post_thumbnail":0,"footnotes":""},"categories":[18,2,59,33,8,13],"tags":[],"class_list":{"0":"post-85","1":"post","2":"type-post","3":"status-publish","4":"format-standard","6":"category-18","7":"category-anos","8":"category-cataluna","9":"category-comunidad-autonoma","10":"category-tipo-de-ruta","11":"category-travesia","12":"czr-hentry"},"_links":{"self":[{"href":"https:\/\/lacuruxa.org\/index.php\/wp-json\/wp\/v2\/posts\/85","targetHints":{"allow":["GET"]}}],"collection":[{"href":"https:\/\/lacuruxa.org\/index.php\/wp-json\/wp\/v2\/posts"}],"about":[{"href":"https:\/\/lacuruxa.org\/index.php\/wp-json\/wp\/v2\/types\/post"}],"author":[{"embeddable":true,"href":"https:\/\/lacuruxa.org\/index.php\/wp-json\/wp\/v2\/users\/40"}],"replies":[{"embeddable":true,"href":"https:\/\/lacuruxa.org\/index.php\/wp-json\/wp\/v2\/comments?post=85"}],"version-history":[{"count":0,"href":"https:\/\/lacuruxa.org\/index.php\/wp-json\/wp\/v2\/posts\/85\/revisions"}],"wp:attachment":[{"href":"https:\/\/lacuruxa.org\/index.php\/wp-json\/wp\/v2\/media?parent=85"}],"wp:term":[{"taxonomy":"category","embeddable":true,"href":"https:\/\/lacuruxa.org\/index.php\/wp-json\/wp\/v2\/categories?post=85"},{"taxonomy":"post_tag","embeddable":true,"href":"https:\/\/lacuruxa.org\/index.php\/wp-json\/wp\/v2\/tags?post=85"}],"curies":[{"name":"wp","href":"https:\/\/api.w.org\/{rel}","templated":true}]}}