{"id":8184,"date":"2025-04-26T09:00:00","date_gmt":"2025-04-26T07:00:00","guid":{"rendered":"https:\/\/lacuruxa.org\/?p=8184"},"modified":"2024-12-08T22:28:51","modified_gmt":"2024-12-08T21:28:51","slug":"pico-la-hoya-2","status":"publish","type":"post","link":"https:\/\/lacuruxa.org\/index.php\/2025\/04\/26\/pico-la-hoya-2\/","title":{"rendered":"Pico La Hoya"},"content":{"rendered":"\n<p>Comenzamos esta salida en la carretera LE \u2013 331, en el km 21,2, donde tomamos otra carretera que nos lleva primero a&nbsp;San Cibri\u00e1n (1104 m) y despu\u00e9s a Solle (1180 m), localidad&nbsp;de la cuenca del Porma. Al&nbsp;final del pueblo sale una pista forestal con direcci\u00f3n SE, junto a una fuente abrevadero. Un agradable recorrido, en suave ascenso, por una vega salpicada de prados, hasta llegar a un cruce de caminos. Seguimos por el del centro, que discurre por el Valle del Arroyo la Llosa hacia el Puerto de Linares.<\/p>\n\n\n\n<p>Antes de llegar a la Pe\u00f1a del Valle, donde hay una caba\u00f1a\u00a0de pastores; encontramos un desv\u00edo a\u00a0nuestra derecha que se dirige hacia el paraje de la Biesca: lugar donde se encuentra el bosque de avellanos\u00a0m\u00e1s grande de Europa; destacando tambi\u00e9n por su hayedo.<\/p>\n\n\n\n<p>Nosotros seguimos hacia el E, por el Valle de Valdesolle; m\u00e1s adelante encontramos un nuevo cruce de caminos; tomamos el de la izquierda y, en ligero ascenso, pronto alcanzamos el Puerto de Linares.<\/p>\n\n\n\n<p>A partir de aqu\u00ed el camino desciende un poco llegando a otra bifurcaci\u00f3n, continuamos por la derecha hasta una nave de ganado; una vez rebasada seguimos\u00a0al SE, ganando altura para llegar a la Collada Linares; l\u00edmite de la Reserva Nacional de Mampodre.\u00a0<\/p>\n\n\n\n<p>Aqu\u00ed giramos hacia el SO, llegando al Collado Reyero; seguimos ahora la cuerda hacia el SE y, en un exigente y r\u00e1pido ascenso, alcanzamos la cumbre del Pico la Hoya (1687 m). Las vistas son espectaculares sobre el valle que desciende hacia el pueblo de Lois, con su emblem\u00e1tica iglesia conocida como la Catedral de la Monta\u00f1a; tambi\u00e9n destacadas cumbres: Pico Yordas, Pico Casta\u00f1o, Pico L\u00e1zaro, Pe\u00f1as Pintas, Pico Llerenes, Pico Bod\u00f3n, Pe\u00f1a Forada, Pico la\u00a0Polinosa, Macizo Central de Picos de Europa\u00a0 y un sin fin m\u00e1s de cumbres y valles as\u00ed como el Embalse del Porma.<\/p>\n\n\n\n<p>Tras disfrutar de estos bonitos parajes, iniciamos el descenso, de nuevo, hacia el Collado Reyero; para seguir un desv\u00edo,\u00a0a la izquierda, bien se\u00f1alizado. El camino discurre por una pradera con vistas hacia el Embalse del Porma, a nuestra\u00a0derecha vemos una zona de grandes riscos; nos adentramos en un bonito robledal por donde vamos perdiendo\u00a0altura, el paisaje se abre y nos brinda magn\u00edficas\u00a0vistas hacia el S; la ruta ahora discurre por una c\u00f3moda pista forestal; tras varias curvas llegamos al fondo del valle, cruzamos el arroyo de Valderriero\u00a0y conectamos con el denominado Camino a Lois y por el llegamos a la localidad de Reyero (1150 m), donde finalizamos esta salida.<\/p>\n\n\n\n<h2 class=\"wp-block-heading\">Mapa descriptivo de la ruta<\/h2>\n\n\n<div class=\"wp-block-image\">\n<figure class=\"aligncenter size-full\"><img loading=\"lazy\" decoding=\"async\" width=\"1023\" height=\"691\" src=\"https:\/\/lacuruxa.org\/wp-content\/uploads\/2024\/12\/20250426_lacuruxa.org_.png\" alt=\"\" class=\"wp-image-8147\" srcset=\"https:\/\/lacuruxa.org\/wp-content\/uploads\/2024\/12\/20250426_lacuruxa.org_.png 1023w, https:\/\/lacuruxa.org\/wp-content\/uploads\/2024\/12\/20250426_lacuruxa.org_-300x203.png 300w, https:\/\/lacuruxa.org\/wp-content\/uploads\/2024\/12\/20250426_lacuruxa.org_-768x519.png 768w\" sizes=\"auto, (max-width: 1023px) 100vw, 1023px\" \/><\/figure>\n<\/div>","protected":false},"excerpt":{"rendered":"<p>Comenzamos esta salida en la carretera LE \u2013 331, en el km 21,2, donde tomamos otra carretera que nos lleva primero a&nbsp;San Cibri\u00e1n (1104 m) y despu\u00e9s a Solle (1180 m), localidad&nbsp;de la cuenca del Porma. Al&nbsp;final del pueblo sale una pista forestal con direcci\u00f3n SE, junto a una fuente abrevadero. Un agradable recorrido, en [&hellip;]<\/p>\n","protected":false},"author":40,"featured_media":8147,"comment_status":"closed","ping_status":"closed","sticky":false,"template":"","format":"standard","meta":{"ngg_post_thumbnail":0,"footnotes":""},"categories":[938,34,484,13],"tags":[939,540,739,585,236,532],"class_list":{"0":"post-8184","1":"post","2":"type-post","3":"status-publish","4":"format-standard","5":"has-post-thumbnail","7":"category-938","8":"category-castilla-y-leon","9":"category-dificultad-media","10":"category-travesia","11":"tag-939","12":"tag-castilla-y-leon","13":"tag-dificultad-media","14":"tag-lacuruxa-org","15":"tag-rutas","16":"tag-travesia","17":"czr-hentry"},"_links":{"self":[{"href":"https:\/\/lacuruxa.org\/index.php\/wp-json\/wp\/v2\/posts\/8184","targetHints":{"allow":["GET"]}}],"collection":[{"href":"https:\/\/lacuruxa.org\/index.php\/wp-json\/wp\/v2\/posts"}],"about":[{"href":"https:\/\/lacuruxa.org\/index.php\/wp-json\/wp\/v2\/types\/post"}],"author":[{"embeddable":true,"href":"https:\/\/lacuruxa.org\/index.php\/wp-json\/wp\/v2\/users\/40"}],"replies":[{"embeddable":true,"href":"https:\/\/lacuruxa.org\/index.php\/wp-json\/wp\/v2\/comments?post=8184"}],"version-history":[{"count":1,"href":"https:\/\/lacuruxa.org\/index.php\/wp-json\/wp\/v2\/posts\/8184\/revisions"}],"predecessor-version":[{"id":8185,"href":"https:\/\/lacuruxa.org\/index.php\/wp-json\/wp\/v2\/posts\/8184\/revisions\/8185"}],"wp:featuredmedia":[{"embeddable":true,"href":"https:\/\/lacuruxa.org\/index.php\/wp-json\/wp\/v2\/media\/8147"}],"wp:attachment":[{"href":"https:\/\/lacuruxa.org\/index.php\/wp-json\/wp\/v2\/media?parent=8184"}],"wp:term":[{"taxonomy":"category","embeddable":true,"href":"https:\/\/lacuruxa.org\/index.php\/wp-json\/wp\/v2\/categories?post=8184"},{"taxonomy":"post_tag","embeddable":true,"href":"https:\/\/lacuruxa.org\/index.php\/wp-json\/wp\/v2\/tags?post=8184"}],"curies":[{"name":"wp","href":"https:\/\/api.w.org\/{rel}","templated":true}]}}