{"id":8124,"date":"2024-12-13T19:00:00","date_gmt":"2024-12-13T18:00:00","guid":{"rendered":"https:\/\/lacuruxa.org\/?p=8124"},"modified":"2024-12-05T00:06:21","modified_gmt":"2024-12-04T23:06:21","slug":"presentacion-del-programa-de-actividades-de-2025","status":"publish","type":"post","link":"https:\/\/lacuruxa.org\/index.php\/2024\/12\/13\/presentacion-del-programa-de-actividades-de-2025\/","title":{"rendered":"Presentaci\u00f3n del programa de actividades de 2025"},"content":{"rendered":"\n<p>El pr\u00f3ximo d\u00eda 13 de diciembre a las 19 horas <strong>presentaremos el programa de actividades de 2025<\/strong> en el sal\u00f3n de actos del <strong>Centro Municipal Integrado Ateneo de La Calzada<\/strong>.<\/p>\n\n\n\n<p>La entrada es libre hasta completar el aforo.<\/p>\n\n\n<div class=\"wp-block-image\">\n<figure class=\"aligncenter size-large is-resized\"><img loading=\"lazy\" decoding=\"async\" width=\"727\" height=\"1024\" src=\"https:\/\/lacuruxa.org\/wp-content\/uploads\/2024\/12\/20241213-presentacion-actividades-lacuruxa.org-2025-727x1024.jpg\" alt=\"Presentaci\u00f3n del programa de actividades de La Curuxa para 2025\" class=\"wp-image-8125\" style=\"width:500px\" srcset=\"https:\/\/lacuruxa.org\/wp-content\/uploads\/2024\/12\/20241213-presentacion-actividades-lacuruxa.org-2025-727x1024.jpg 727w, https:\/\/lacuruxa.org\/wp-content\/uploads\/2024\/12\/20241213-presentacion-actividades-lacuruxa.org-2025-213x300.jpg 213w, https:\/\/lacuruxa.org\/wp-content\/uploads\/2024\/12\/20241213-presentacion-actividades-lacuruxa.org-2025-768x1081.jpg 768w, https:\/\/lacuruxa.org\/wp-content\/uploads\/2024\/12\/20241213-presentacion-actividades-lacuruxa.org-2025.jpg 784w\" sizes=\"auto, (max-width: 727px) 100vw, 727px\" \/><figcaption class=\"wp-element-caption\">Presentaci\u00f3n del programa de actividades de La Curuxa para 2025<\/figcaption><\/figure>\n<\/div>","protected":false},"excerpt":{"rendered":"<p>El pr\u00f3ximo d\u00eda 13 de diciembre a las 19 horas presentaremos el programa de actividades de 2025 en el sal\u00f3n de actos del Centro Municipal Integrado Ateneo de La Calzada. La entrada es libre hasta completar el aforo.<\/p>\n","protected":false},"author":40,"featured_media":8125,"comment_status":"closed","ping_status":"closed","sticky":false,"template":"","format":"standard","meta":{"ngg_post_thumbnail":0,"footnotes":""},"categories":[1],"tags":[911,585,529,937,236],"class_list":{"0":"post-8124","1":"post","2":"type-post","3":"status-publish","4":"format-standard","5":"has-post-thumbnail","7":"category-noticias","8":"tag-911","9":"tag-lacuruxa-org","10":"tag-noticias","11":"tag-presentacion","12":"tag-rutas","13":"czr-hentry"},"_links":{"self":[{"href":"https:\/\/lacuruxa.org\/index.php\/wp-json\/wp\/v2\/posts\/8124","targetHints":{"allow":["GET"]}}],"collection":[{"href":"https:\/\/lacuruxa.org\/index.php\/wp-json\/wp\/v2\/posts"}],"about":[{"href":"https:\/\/lacuruxa.org\/index.php\/wp-json\/wp\/v2\/types\/post"}],"author":[{"embeddable":true,"href":"https:\/\/lacuruxa.org\/index.php\/wp-json\/wp\/v2\/users\/40"}],"replies":[{"embeddable":true,"href":"https:\/\/lacuruxa.org\/index.php\/wp-json\/wp\/v2\/comments?post=8124"}],"version-history":[{"count":1,"href":"https:\/\/lacuruxa.org\/index.php\/wp-json\/wp\/v2\/posts\/8124\/revisions"}],"predecessor-version":[{"id":8126,"href":"https:\/\/lacuruxa.org\/index.php\/wp-json\/wp\/v2\/posts\/8124\/revisions\/8126"}],"wp:featuredmedia":[{"embeddable":true,"href":"https:\/\/lacuruxa.org\/index.php\/wp-json\/wp\/v2\/media\/8125"}],"wp:attachment":[{"href":"https:\/\/lacuruxa.org\/index.php\/wp-json\/wp\/v2\/media?parent=8124"}],"wp:term":[{"taxonomy":"category","embeddable":true,"href":"https:\/\/lacuruxa.org\/index.php\/wp-json\/wp\/v2\/categories?post=8124"},{"taxonomy":"post_tag","embeddable":true,"href":"https:\/\/lacuruxa.org\/index.php\/wp-json\/wp\/v2\/tags?post=8124"}],"curies":[{"name":"wp","href":"https:\/\/api.w.org\/{rel}","templated":true}]}}