{"id":781,"date":"2011-10-29T07:00:59","date_gmt":"2011-10-29T05:00:59","guid":{"rendered":"http:\/\/www.lacuruxa.org\/?p=781"},"modified":"2021-01-09T17:23:50","modified_gmt":"2021-01-09T16:23:50","slug":"puente-el-campon-majada-cerreo-vega-pociellu-tarna","status":"publish","type":"post","link":"https:\/\/lacuruxa.org\/index.php\/2011\/10\/29\/puente-el-campon-majada-cerreo-vega-pociellu-tarna\/","title":{"rendered":"Puente El Camp\u00f3n &#8212; Majada Cerreo &#8212; Vega Pociellu &#8212; Tarna"},"content":{"rendered":"\n<p>Iniciamos la traves\u00eda en la carretera de Campo de Caso al Puerto de Tarna, unos dos kms. antes del desv\u00edo que va hacia la Vega de Pociellu, donde tomaremos un camino que nos bajar\u00e1 hacia el puente Camp\u00f3n sobre el r\u00edo Nal\u00f3n. Cruzamos el puente y ascendemos a nuestra derecha por un buen camino que nos conduce a la majada del Camp\u00f3n.<\/p>\n\n\n\n<p>Por la parte superior de la majada encontraremos una senda que nos llevar\u00e1 a la majada de la Fumiosa, donde hay una fuente, despu\u00e9s de atravesar la majada y tras un c\u00f3modo ascenso llegamos a la majada de Cerreu, situada bajo el Cantu el Oso y con excelente panor\u00e1mica hacia el pico Maci\u00e9dome. Aqu\u00ed tambi\u00e9n tenemos una buena fuente. Precisamente desde \u00e9sta sale una senda que discurre bajo las estribaciones del Cantu el Oso y la sierra de Pries y que nos introduce en el Monte Fabucao por su parte alta.<\/p>\n\n\n\n<p>El camino atraviesa toda la parte alta del bosque hasta llegar a la antigua majada de Busumber\u00f3n, donde lo \u00fanico que queda de las caba\u00f1as son algunos montones de piedras. Aqu\u00ed tomamos el camino que baja del collado Les Are\u00f1es a la vega de Pociellu; un rinc\u00f3n de gran belleza rodeado de cumbres.<\/p>\n\n\n\n<p>Atravesamos la alargada vega para coger al final el camino que nos introduce en el frondoso bosque del Monte Fabucao, saliendo despu\u00e9s de un rato a los invernales de la Ablanosa. El camino sigue bajando paralelo al arroyo hasta su confluencia con el r\u00edo Nal\u00f3n, cruzamos el r\u00edo por el puente el Corral para remontar a la derecha la cuesta que nos lleva hasta la carretera de Campo Caso al Puerto de Tarna en el lugar conocido como La Armadiella. Caminamos unos metros por la carretera para tomar un buen camino a la derecha que, en poco tiempo, nos conduce al pueblo de Tarna (996 m.), donde finalizamos esta salida.<\/p>\n\n\n\n<figure class=\"wp-block-image size-large is-resized\"><img loading=\"lazy\" decoding=\"async\" src=\"https:\/\/lacuruxa.org\/wp-content\/uploads\/2021\/01\/2011-23-Vega-Pociellu.png\" alt=\"23 Vega Pociellu\" width=\"822\" height=\"557\"\/><\/figure>\n\n\n\n<p><strong>Galer\u00eda de fotos de la ruta<\/strong><br>ngg_shortcode_0_placeholder<\/p>\n","protected":false},"excerpt":{"rendered":"<p>Iniciamos la traves\u00eda en la carretera de Campo de Caso al Puerto de Tarna, unos dos kms. antes del desv\u00edo que va hacia la Vega de Pociellu, donde tomaremos un camino que nos bajar\u00e1 hacia el puente Camp\u00f3n sobre el r\u00edo Nal\u00f3n. Cruzamos el puente y ascendemos a nuestra derecha por un buen camino que [&hellip;]<\/p>\n","protected":false},"author":40,"featured_media":0,"comment_status":"open","ping_status":"open","sticky":false,"template":"","format":"standard","meta":{"ngg_post_thumbnail":0,"footnotes":""},"categories":[182,28,13],"tags":[593,582,535],"class_list":{"0":"post-781","1":"post","2":"type-post","3":"status-publish","4":"format-standard","6":"category-182","7":"category-caso","8":"category-travesia","9":"tag-593","10":"tag-asturias","11":"tag-caso","12":"czr-hentry"},"_links":{"self":[{"href":"https:\/\/lacuruxa.org\/index.php\/wp-json\/wp\/v2\/posts\/781","targetHints":{"allow":["GET"]}}],"collection":[{"href":"https:\/\/lacuruxa.org\/index.php\/wp-json\/wp\/v2\/posts"}],"about":[{"href":"https:\/\/lacuruxa.org\/index.php\/wp-json\/wp\/v2\/types\/post"}],"author":[{"embeddable":true,"href":"https:\/\/lacuruxa.org\/index.php\/wp-json\/wp\/v2\/users\/40"}],"replies":[{"embeddable":true,"href":"https:\/\/lacuruxa.org\/index.php\/wp-json\/wp\/v2\/comments?post=781"}],"version-history":[{"count":4,"href":"https:\/\/lacuruxa.org\/index.php\/wp-json\/wp\/v2\/posts\/781\/revisions"}],"predecessor-version":[{"id":7057,"href":"https:\/\/lacuruxa.org\/index.php\/wp-json\/wp\/v2\/posts\/781\/revisions\/7057"}],"wp:attachment":[{"href":"https:\/\/lacuruxa.org\/index.php\/wp-json\/wp\/v2\/media?parent=781"}],"wp:term":[{"taxonomy":"category","embeddable":true,"href":"https:\/\/lacuruxa.org\/index.php\/wp-json\/wp\/v2\/categories?post=781"},{"taxonomy":"post_tag","embeddable":true,"href":"https:\/\/lacuruxa.org\/index.php\/wp-json\/wp\/v2\/tags?post=781"}],"curies":[{"name":"wp","href":"https:\/\/api.w.org\/{rel}","templated":true}]}}