{"id":769,"date":"2011-09-08T07:00:08","date_gmt":"2011-09-08T05:00:08","guid":{"rendered":"http:\/\/www.lacuruxa.org\/?p=769"},"modified":"2021-01-09T15:06:54","modified_gmt":"2021-01-09T14:06:54","slug":"era-peulha-tuc-de-saboredo-baqueira","status":"publish","type":"post","link":"https:\/\/lacuruxa.org\/index.php\/2011\/09\/08\/era-peulha-tuc-de-saboredo-baqueira\/","title":{"rendered":"Era Pe\u00fclha &#8212; Tuc de Saboredo &#8212; Baqueira"},"content":{"rendered":"\n<p>Iniciamos esta salida desde el telesilla de la Pe\u00fclla. Aqu\u00ed tomaremos una senda que sube en direcci\u00f3n a una pedrera, y que no vamos a tener ning\u00fan problema en reconocer. Ascendiendo por este camino bien marcado con colores naranja y verde, llegaremos a la Estanyola de Gerber (2071 m.). Desde este punto seguiremos el mismo camino que asciende de forma m\u00e1s pronunciada.<\/p>\n\n\n\n<p>Al llegar a los 2140 m. de altitud entraremos en el Estany Petit de Gerber y, pasados unos minutos, el Estany Gran de Gerber nos deleitar\u00e1 con sus aguas cristalinas y su inmensidad.<\/p>\n\n\n\n<p>A partir de este punto iniciaremos la ascensi\u00f3n al Refugi Matar\u00f3 (2478 m.), construido en 1985, a trav\u00e9s del Estany Long i Red\u00f3. En este punto podemos hacer una breve parada para reponer fuerzas y luego reanudaremos la marcha hacia el C\u00f2th deth Lac Gla\u00e7at, y posteriormente al Coll d\u2019 Amitges, que se encuentran pr\u00e1cticamente juntos.<br>Desde este collado solo nos faltar\u00e1n los \u00faltimos cien metros de desnivel y la cima del Pic Saboredo (2824 m.) ya ser\u00e1 nuestra.<\/p>\n\n\n\n<figure class=\"wp-block-image size-large is-resized\"><img loading=\"lazy\" decoding=\"async\" src=\"https:\/\/lacuruxa.org\/wp-content\/uploads\/2021\/01\/17-tuc-saboredo_5322873021_o.png\" alt=\"17 tuc Saboredo\" width=\"558\" height=\"821\"\/><\/figure>\n\n\n\n<p><strong>Galer\u00eda de fotos de la ruta<\/strong><br>ngg_shortcode_0_placeholder<\/p>\n\n\n\n<p><strong>Galer\u00eda de fotos de la ruta alternativa del d\u00eda<\/strong><br>ngg_shortcode_1_placeholder<\/p>\n","protected":false},"excerpt":{"rendered":"<p>Iniciamos esta salida desde el telesilla de la Pe\u00fclla. Aqu\u00ed tomaremos una senda que sube en direcci\u00f3n a una pedrera, y que no vamos a tener ning\u00fan problema en reconocer. Ascendiendo por este camino bien marcado con colores naranja y verde, llegaremos a la Estanyola de Gerber (2071 m.). Desde este punto seguiremos el mismo [&hellip;]<\/p>\n","protected":false},"author":40,"featured_media":0,"comment_status":"open","ping_status":"open","sticky":false,"template":"","format":"standard","meta":{"ngg_post_thumbnail":0,"footnotes":""},"categories":[182,59,13],"tags":[593,192,191],"class_list":{"0":"post-769","1":"post","2":"type-post","3":"status-publish","4":"format-standard","6":"category-182","7":"category-cataluna","8":"category-travesia","9":"tag-593","10":"tag-pirineo","11":"tag-pirineo-catalan","12":"czr-hentry"},"_links":{"self":[{"href":"https:\/\/lacuruxa.org\/index.php\/wp-json\/wp\/v2\/posts\/769","targetHints":{"allow":["GET"]}}],"collection":[{"href":"https:\/\/lacuruxa.org\/index.php\/wp-json\/wp\/v2\/posts"}],"about":[{"href":"https:\/\/lacuruxa.org\/index.php\/wp-json\/wp\/v2\/types\/post"}],"author":[{"embeddable":true,"href":"https:\/\/lacuruxa.org\/index.php\/wp-json\/wp\/v2\/users\/40"}],"replies":[{"embeddable":true,"href":"https:\/\/lacuruxa.org\/index.php\/wp-json\/wp\/v2\/comments?post=769"}],"version-history":[{"count":5,"href":"https:\/\/lacuruxa.org\/index.php\/wp-json\/wp\/v2\/posts\/769\/revisions"}],"predecessor-version":[{"id":7044,"href":"https:\/\/lacuruxa.org\/index.php\/wp-json\/wp\/v2\/posts\/769\/revisions\/7044"}],"wp:attachment":[{"href":"https:\/\/lacuruxa.org\/index.php\/wp-json\/wp\/v2\/media?parent=769"}],"wp:term":[{"taxonomy":"category","embeddable":true,"href":"https:\/\/lacuruxa.org\/index.php\/wp-json\/wp\/v2\/categories?post=769"},{"taxonomy":"post_tag","embeddable":true,"href":"https:\/\/lacuruxa.org\/index.php\/wp-json\/wp\/v2\/tags?post=769"}],"curies":[{"name":"wp","href":"https:\/\/api.w.org\/{rel}","templated":true}]}}