{"id":7493,"date":"2021-11-20T09:00:00","date_gmt":"2021-11-20T08:00:00","guid":{"rendered":"https:\/\/lacuruxa.org\/?p=7493"},"modified":"2021-02-11T16:28:38","modified_gmt":"2021-02-11T15:28:38","slug":"pena-la-ordaliega-2","status":"publish","type":"post","link":"https:\/\/lacuruxa.org\/index.php\/2021\/11\/20\/pena-la-ordaliega-2\/","title":{"rendered":"Pe\u00f1a La Ordaliega"},"content":{"rendered":"\n<p>Iniciamos esta salida en el pueblo cas\u00edn de Bueres (700 m), situado en el km. 24,5 de la carretera comarcal que va de Infiesto a Campo de Caso. A la izquierda del pueblo hay un ramal de la carretera que va al pueblo de Nieves; al poco tiempo abandonamos el ramal para tomar un camino, por la izquierda, que atraviesa una zona boscosa y nos conduce a los espacios abiertos de los Collaos; seguidamente llegamos a la majada de La Texera.<\/p>\n\n\n\n<p>Seguimos un desv\u00edo a la derecha que sube en vueltas por el canto de la sierra y nos lleva al collado de Llagu Ovia. Desde aqu\u00ed continuamos al SE., por un sendero de ganado que atraviesa el brezal; tras pasar por el collado la Piedra, enseguida alcanzamos la cumbre de la Pe\u00f1a La Ordaliega (1463 m), que nos ofrece una abierta panor\u00e1mica de los montes de los concejos de Pilo\u00f1a y Caso, as\u00ed como destacadas cumbres de la Cordillera y Picos de Europa.<\/p>\n\n\n\n<p>De vuelta al collado la Piedra, seguimos un sendero que atraviesa, un poco m\u00e1s abajo, el crest\u00f3n de la sierra por una angostura, saliendo a las verdes prader\u00edas de la collada para seguir por otro sendero que viene rodeando la ladera del monte por encima del camino conocido como Les Calzaes y nos conduce a una campera, detr\u00e1s de la cual se encuentra la majada de la Felguerina, con varias caba\u00f1as.<\/p>\n\n\n\n<p>Una senda nos baja en vueltas al fondo del valle llegando a la Foz de Mo\u00f1acos, donde tomamos una pista hacia el N. que discurre junto al r\u00edo y nos va describiendo paisajes de singular belleza del bosque de Monte Cobera. Atravesamos un hermoso desfiladero que va formando el r\u00edo el Infierno en su espectacular descenso, pasamos junto algunas caba\u00f1as de los caser\u00edos de Degoes, el Mu\u00f1iz\u00f3n, entre otros, y llegamos al \u00e1rea recreativa de la Pesanca; a partir de aqu\u00ed ya es carretera que nos lleva al pueblo de Riofabar (325 m), donde finalizamos esta salida.<\/p>\n\n\n\n<h2 class=\"wp-block-heading\">Mapa descriptivo de la ruta<\/h2>\n\n\n\n<div class=\"wp-block-image\"><figure class=\"aligncenter size-full is-resized\"><img loading=\"lazy\" decoding=\"async\" src=\"https:\/\/lacuruxa.org\/wp-content\/uploads\/2021\/02\/20211120_lacuruxa.org_.jpg\" alt=\"\" class=\"wp-image-7470\" width=\"700\" height=\"918\" srcset=\"https:\/\/lacuruxa.org\/wp-content\/uploads\/2021\/02\/20211120_lacuruxa.org_.jpg 700w, https:\/\/lacuruxa.org\/wp-content\/uploads\/2021\/02\/20211120_lacuruxa.org_-229x300.jpg 229w\" sizes=\"auto, (max-width: 700px) 100vw, 700px\" \/><\/figure><\/div>\n\n\n\n<h2 class=\"wp-block-heading\">Informaci\u00f3n GPX<\/h2>\n\n\n\r\n\t\t<div id=\"wpgpxmaps_7493_1950255\" class=\"wpgpxmaps\">\r\n\t\t\t<div id=\"map_7493_1950255_cont\" style=\"width:100%; height:450px;position:relative\" >\r\n\t\t\t\t<div id=\"map_7493_1950255\" style=\"width:100%; height:450px\"><\/div>\r\n\t\t\t\t<div id=\"wpgpxmaps_7493_1950255_osm_footer\" class=\"wpgpxmaps_osm_footer\" style=\"display:none;\"><span> &copy; <a href=\"http:\/\/www.openstreetmap.org\/copyright\">OpenStreetMap<\/a> contributors<\/span><\/div>\r\n\t\t\t<\/div>\r\n\t\t\t<canvas id=\"myChart_7493_1950255\" class=\"plot\" style=\"width:100%; height:200px\"><\/canvas>\r\n\t\t\t<div id=\"ngimages_7493_1950255\" class=\"ngimages\" style=\"display:none\"><\/div>\r\n\t\t\t<div id=\"report_7493_1950255\" class=\"report\"><\/div>\r\n\t\t<\/div>\r\n\t\t\r\n\t\t<script type=\"text\/javascript\">\r\n\r\n\t\t\tjQuery(document).ready(function() {\r\n\r\n\t\t\t\tjQuery( \"#wpgpxmaps_7493_1950255\" ).wpgpxmaps( {\r\n\t\t\t\t\ttargetId           : \"7493_1950255\",\r\n\t\t\t\t\tmapType            : \"HYBRID\",\r\n\t\t\t\t\tmapData            : [[43.5393600,-5.7024100],[43.5398000,-5.7025700],[43.5401100,-5.7026500],[43.5398000,-5.7025700],[43.5393600,-5.7024100]],\r\n\t\t\t\t\tgraphDist          : [0.00,0.05,0.09,0.12,0.17],\r\n\t\t\t\t\tgraphEle           : [13.00,13.00,13.00,13.00,13.00],\r\n\t\t\t\t\tgraphSpeed         : [],\r\n\t\t\t\t\tgraphHr            : [],\r\n\t\t\t\t\tgraphAtemp         : [],\r\n\t\t\t\t\tgraphCad           : [],\r\n\t\t\t\t\tgraphGrade         : [],\r\n\t\t\t\t\twaypoints          : [{&quot;lat&quot;:43.53936,&quot;lon&quot;:-5.70241,&quot;ele&quot;:13,&quot;time&quot;:&quot;&quot;,&quot;name&quot;:&quot;LaCuruxa&quot;,&quot;desc&quot;:&quot;&quot;,&quot;sym&quot;:&quot;&quot;,&quot;type&quot;:&quot;&quot;,&quot;img&quot;:&quot;&quot;}],\r\n\t\t\t\t\tunit               : \"2\",\r\n\t\t\t\t\tunitspeed          : \"0\",\r\n\t\t\t\t\tcolor1             : [\"#3366cc\"],\r\n\t\t\t\t\tcolor2             : \"#3366cc\",\r\n\t\t\t\t\tcolor3             : \"#ff0000\",\r\n\t\t\t\t\tcolor4             : \"#ff77bd\",\r\n\t\t\t\t\tcolor5             : \"#beecff\",\r\n\t\t\t\t\tcolor6             : \"#beecff\",\r\n\t\t\t\t\tcolor7             : \"#ff77bd\",\r\n\t\t\t\t\tchartFrom1         : \"\",\r\n\t\t\t\t\tchartTo1           : \"\",\r\n\t\t\t\t\tchartFrom2         : \"\",\r\n\t\t\t\t\tchartTo2           : \"\",\r\n\t\t\t\t\tstartIcon          : \"true\",\r\n\t\t\t\t\tendIcon            : \"true\",\r\n\t\t\t\t\tcurrentIcon        : \"true\",\r\n\t\t\t\t\twaypointIcon       : \"\",\r\n\t\t\t\t\tcurrentpositioncon : \"\",\r\n\t\t\t\t\tusegpsposition     : \"\",\r\n\t\t\t\t\tzoomOnScrollWheel  : \"true\",\r\n\t\t\t\t\tngGalleries        : [],\r\n\t\t\t\t\tngImages           : [],\r\n\t\t\t\t\tpluginUrl          : \"https:\/\/lacuruxa.org\/wp-content\/plugins\",\r\n\t\t\t\t\tTFApiKey           : \"\",\r\n\t\t\t\t\tMapBoxApiKey           : \"\",\r\n\t\t\t\t\tlangs              : {\r\n\t\t\t\t\t\taltitude        : \"Altitud\",\r\n\t\t\t\t\t\tcurrentPosition : \"Posici\u00f3n actual\",\r\n\t\t\t\t\t\tspeed           : \"Velocidad\",\r\n\t\t\t\t\t\tgrade           : \"Grados\",\r\n\t\t\t\t\t\theartRate       : \"Pulso card\u00edaco\",\r\n\t\t\t\t\t\tatemp           : \"Temperatura\",\r\n\t\t\t\t\t\tcadence         : \"Cadencia\",\r\n\t\t\t\t\t\tgoFullScreen    : \"Ir a pantalla completa\",\r\n\t\t\t\t\t\texitFullFcreen  : \"Salir de la pantalla completa\",\r\n\t\t\t\t\t\thideImages      : \"Ocultar im\u00e1genes\",\r\n\t\t\t\t\t\tshowImages      : \"Mostrar im\u00e1genes\",\r\n\t\t\t\t\t\tbackToCenter\t: \"Volver al centro\"\r\n\t\t\t\t\t}\r\n\t\t\t\t});\r\n\r\n\t\t\t});\r\n\r\n\t\t<\/script><div id='wpgpxmaps_summary_7493_1950255' class='wpgpxmaps_summary'><span class='totlen'><span class='summarylabel'>Distancia total:<\/span><span class='summaryvalue'> 0.17 km<\/span><\/span><br \/><span class='maxele'><span class='summarylabel'>Elevaci\u00f3n m\u00e1xima:<\/span><span class='summaryvalue'> 13 m<\/span><\/span><br \/><span class='minele'><span class='summarylabel'>Elevaci\u00f3n m\u00ednima:<\/span><span class='summaryvalue'> 13 m<\/span><\/span><br \/><span class='totaleleup'><span class='summarylabel'>Ascenso total:<\/span><span class='summaryvalue'> 0 m<\/span><\/span><br \/><span class='totaleledown'><span class='summarylabel'>Descenso total:<\/span><span class='summaryvalue'> 0 m<\/span><\/span><br \/><span class='totaltime'><span class='summarylabel'>Tiempo total:<\/span><span class='summaryvalue'> 00:04:00<\/span><\/span><br \/><\/div>Download file: <a href='https:\/\/lacuruxa.org\/wp-content\/uploads\/gpx\/20210101.gpx' target='_new' download>20210101.gpx<\/a>\n\n\n\n<h2 class=\"wp-block-heading\">Datos MIDE<\/h2>\n\n\n\n<iframe loading=\"lazy\" src=\"\/wp-content\/uploads\/2021\/02\/20210101.html\" name=\"MIDE\" width=\"900\" height=\"600\" frameborder=\"1\"><\/iframe>\n","protected":false},"excerpt":{"rendered":"<p>Iniciamos esta salida en el pueblo cas\u00edn de Bueres (700 m), situado en el km. 24,5 de la carretera comarcal que va de Infiesto a Campo de Caso. A la izquierda del pueblo hay un ramal de la carretera que va al pueblo de Nieves; al poco tiempo abandonamos el ramal para tomar un camino, [&hellip;]<\/p>\n","protected":false},"author":40,"featured_media":7470,"comment_status":"open","ping_status":"closed","sticky":false,"template":"","format":"standard","meta":{"ngg_post_thumbnail":0,"footnotes":""},"categories":[799,28,484,29,13],"tags":[850,800,535,585,849,536,236],"class_list":{"0":"post-7493","1":"post","2":"type-post","3":"status-publish","4":"format-standard","5":"has-post-thumbnail","7":"category-799","8":"category-caso","9":"category-dificultad-media","10":"category-pilona","11":"category-travesia","12":"tag-20-de-noviembre-de-2021","13":"tag-800","14":"tag-caso","15":"tag-lacuruxa-org","16":"tag-pena-la-ordaliega","17":"tag-pilona","18":"tag-rutas","19":"czr-hentry"},"_links":{"self":[{"href":"https:\/\/lacuruxa.org\/index.php\/wp-json\/wp\/v2\/posts\/7493","targetHints":{"allow":["GET"]}}],"collection":[{"href":"https:\/\/lacuruxa.org\/index.php\/wp-json\/wp\/v2\/posts"}],"about":[{"href":"https:\/\/lacuruxa.org\/index.php\/wp-json\/wp\/v2\/types\/post"}],"author":[{"embeddable":true,"href":"https:\/\/lacuruxa.org\/index.php\/wp-json\/wp\/v2\/users\/40"}],"replies":[{"embeddable":true,"href":"https:\/\/lacuruxa.org\/index.php\/wp-json\/wp\/v2\/comments?post=7493"}],"version-history":[{"count":1,"href":"https:\/\/lacuruxa.org\/index.php\/wp-json\/wp\/v2\/posts\/7493\/revisions"}],"predecessor-version":[{"id":7494,"href":"https:\/\/lacuruxa.org\/index.php\/wp-json\/wp\/v2\/posts\/7493\/revisions\/7494"}],"wp:featuredmedia":[{"embeddable":true,"href":"https:\/\/lacuruxa.org\/index.php\/wp-json\/wp\/v2\/media\/7470"}],"wp:attachment":[{"href":"https:\/\/lacuruxa.org\/index.php\/wp-json\/wp\/v2\/media?parent=7493"}],"wp:term":[{"taxonomy":"category","embeddable":true,"href":"https:\/\/lacuruxa.org\/index.php\/wp-json\/wp\/v2\/categories?post=7493"},{"taxonomy":"post_tag","embeddable":true,"href":"https:\/\/lacuruxa.org\/index.php\/wp-json\/wp\/v2\/tags?post=7493"}],"curies":[{"name":"wp","href":"https:\/\/api.w.org\/{rel}","templated":true}]}}