{"id":71,"date":"2003-12-14T06:00:51","date_gmt":"2003-12-14T05:00:51","guid":{"rendered":"http:\/\/www.lacuruxa.org\/weblog\/index.php\/2003\/12\/14\/belen-de-cumbres-porra-de-enol\/"},"modified":"2003-12-14T06:00:51","modified_gmt":"2003-12-14T05:00:51","slug":"belen-de-cumbres-porra-de-enol","status":"publish","type":"post","link":"https:\/\/lacuruxa.org\/index.php\/2003\/12\/14\/belen-de-cumbres-porra-de-enol\/","title":{"rendered":"Bel\u00e9n de cumbres &#8211; Porra de Enol"},"content":{"rendered":"<p><img decoding=\"async\" src=\"http:\/\/www.lacuruxa.org\/2003\/fotos_rutas\/imagen29.jpg\" alt=\"foto de la ruta\" \/><\/p>\n<p>Como es tradicional entre los monta\u00f1eros y en nuestro grupo, en esta salida se lleva a cabo la colocaci\u00f3n de un bel\u00e9n de cumbres en un pico.<\/p>\n<p>En esta ocasi\u00f3n, nuestro grupo tiene previsto colocar el bel\u00e9n en el concejo de Cangas de On\u00eds, dentro del Parque Nacional de la Monta\u00f1a de Covadonga, en la cumbre de la Porra de Enol (1.274 m.)<\/p>\n<p>Una excursi\u00f3n f\u00e1cil que iniciamos en el collado Les Veleres, situado al pie del cerro Sohorn\u00edn; donde se encuentra el monumento a Jos\u00e9 Ram\u00f3n Lueje; por encima del Lago Enol. Recorremos una hermosa ruta, bordeando dicho lago por una buena pista que nos lleva a la amplia vega Enol con caba\u00f1as en buen estado.<\/p>\n<p>Desde la vega, tomamos hacia la derecha una suave ascensi\u00f3n que nos encumbra en la cima de la Porra de Enol; hermosa atalaya para contemplar el macizo Occidental o del Corni\u00f3n, con la gran mole de las Pe\u00f1as Santas, el extenso bosque del Pome encajonado entre pe\u00f1as y limitado por los r\u00edos Pomperi, Pelabarda y la Beyera,el valle del G\u00fce\u00f1a, la sierra del Cuera etc.<\/p>\n<p>De regreso a la vega de Enol, son varias las posibilidades que tenemos para alargar esta salida: Vega la Cueva, Pan de Carmen, Vega del Huerto, Pozo del Alem\u00e1n, Mirador del Rey, Vega Bricial, Lago la Ercina, Belb\u00edn, Vega Comeya&#8230;<\/p>\n<p><img decoding=\"async\" src=\"http:\/\/www.lacuruxa.org\/2003\/fotos_mapas\/mapa29.jpg\" alt=\"mapa de la ruta\" \/><\/p>\n","protected":false},"excerpt":{"rendered":"<p>Como es tradicional entre los monta\u00f1eros y en nuestro grupo, en esta salida se lleva a cabo la colocaci\u00f3n de un bel\u00e9n de cumbres en un pico. En esta ocasi\u00f3n, nuestro grupo tiene previsto colocar el bel\u00e9n en el concejo de Cangas de On\u00eds, dentro del Parque Nacional de la Monta\u00f1a de Covadonga, en la [&hellip;]<\/p>\n","protected":false},"author":40,"featured_media":0,"comment_status":"open","ping_status":"open","sticky":false,"template":"","format":"standard","meta":{"ngg_post_thumbnail":0,"footnotes":""},"categories":[19,2,36,12,21,8],"tags":[],"class_list":{"0":"post-71","1":"post","2":"type-post","3":"status-publish","4":"format-standard","6":"category-19","7":"category-anos","8":"category-cangas-de-onis","9":"category-circuito","10":"category-concejos","11":"category-tipo-de-ruta","12":"czr-hentry"},"_links":{"self":[{"href":"https:\/\/lacuruxa.org\/index.php\/wp-json\/wp\/v2\/posts\/71","targetHints":{"allow":["GET"]}}],"collection":[{"href":"https:\/\/lacuruxa.org\/index.php\/wp-json\/wp\/v2\/posts"}],"about":[{"href":"https:\/\/lacuruxa.org\/index.php\/wp-json\/wp\/v2\/types\/post"}],"author":[{"embeddable":true,"href":"https:\/\/lacuruxa.org\/index.php\/wp-json\/wp\/v2\/users\/40"}],"replies":[{"embeddable":true,"href":"https:\/\/lacuruxa.org\/index.php\/wp-json\/wp\/v2\/comments?post=71"}],"version-history":[{"count":0,"href":"https:\/\/lacuruxa.org\/index.php\/wp-json\/wp\/v2\/posts\/71\/revisions"}],"wp:attachment":[{"href":"https:\/\/lacuruxa.org\/index.php\/wp-json\/wp\/v2\/media?parent=71"}],"wp:term":[{"taxonomy":"category","embeddable":true,"href":"https:\/\/lacuruxa.org\/index.php\/wp-json\/wp\/v2\/categories?post=71"},{"taxonomy":"post_tag","embeddable":true,"href":"https:\/\/lacuruxa.org\/index.php\/wp-json\/wp\/v2\/tags?post=71"}],"curies":[{"name":"wp","href":"https:\/\/api.w.org\/{rel}","templated":true}]}}