{"id":6214,"date":"2020-10-17T09:00:00","date_gmt":"2020-10-17T07:00:00","guid":{"rendered":"https:\/\/lacuruxa.org\/index.php\/2020\/10\/17\/pico-requexon-de-valdunes\/"},"modified":"2020-01-10T11:25:03","modified_gmt":"2020-01-10T10:25:03","slug":"pico-requexon-de-valdunes","status":"publish","type":"post","link":"https:\/\/lacuruxa.org\/index.php\/2020\/10\/17\/pico-requexon-de-valdunes\/","title":{"rendered":"Pico Requex\u00f3n de V\u00e1ldunes"},"content":{"rendered":"\n<p>Iniciamos esta salida en el pueblo cas\u00edn de Soto de Caso (623 m), junto a la ermita de San Jos\u00e9, tomando un sendero que, a modo de atajo, enlaza m\u00e1s arriba con el camino principal que parte del pueblo. El camino va ganando altura en revueltas de trazos muy abiertos.<\/p>\n\n\n\n<p>Tras rebasar una cuadra, cruzamos el crest\u00f3n de Foyac\u00edn, donde el camino fue labrado en la misma roca para pasar al valle de Argayos. Dejamos atr\u00e1s este paraje denominado la Forcada, el camino, ahora empedrado, es ancho, poco despu\u00e9s cruza la riega los Argayos por donde se descuelga el agua en cascada.<\/p>\n\n\n\n<p>Continua el sinuoso camino por la revuelta de Les Llampes, luego entra en un tramo arbolado para salir a las prader\u00edas de Coto Bra\u00f1a, con cuadras y caba\u00f1as, algunas en franco abandono, diseminadas al amparo de las hayas y los resaltes de la pe\u00f1a.<\/p>\n\n\n\n<p>El camino contin\u00faa valle arriba al NO. elev\u00e1ndose a trav\u00e9s de un sendero dibujado en la pradera y que se dirige hacia la collada de Bra\u00f1a, con cuidadas caba\u00f1as rodeadas de viejos fresnos.<\/p>\n\n\n\n<p>Una vez en la collada nos dirigimos, por la divisoria de pastos, hacia la prader\u00eda de Llagos, remontamos los \u00faltimos desniveles por la ladera oriental atravesando un limpio hayedo; tras rebasarlo, nos arrimamos al crester\u00edo que nos lleva a la cumbre del Requex\u00f3n de Valdunes (1562 m). Hermosa panor\u00e1mica sobre el cordal de Ponga, Tiatordos, Campig\u00fce\u00f1os, La Carasca, Foz de Melorda\u00f1a,&#8230;<\/p>\n\n\n\n<p>Descendemos de la cumbre al SO., hasta llegar al valle transversal, enlazando con el camino que viene del collado Gallegos, siguiendo valle abajo nos adentramos en el bosque de Bregones, atravesando las camperas de Bra\u00f1adales, que luego dan paso a un terreno dominado por bosque, con predominio de roble, hasta acercarnos al cierre de la extensa finca de Coto de Bra\u00f1adales, donde nos incorporamos a un camino ancho y empedrado entre los contrafuertes de la sierra de Ampuerios y el monte Fadiello, por el que bajamos, sin perdida, hasta el pueblo de Orl\u00e9 (648 m), donde finalizamos esta salida.&nbsp;<\/p>\n\n\n\n<h2 class=\"wp-block-heading\">Mapa descriptivo de la ruta<\/h2>\n\n\n\n<div class=\"wp-block-image\"><figure class=\"aligncenter\"><a href=\"\/wp-content\/uploads\/2020\/01\/20201017.png\"><img decoding=\"async\" src=\"\/wp-content\/uploads\/2020\/01\/20201017.png\" alt=\"lacuruxa.org 2020 Mapa ruta 20201017\"\/><\/a><\/figure><\/div>\n\n\n\n<h2 class=\"wp-block-heading\">Datos MIDE<\/h2>\n\n\n\n<figure><iframe loading=\"lazy\" src=\"\/mide\/20201017.html\" name=\"MIDE\" width=\"900\" height=\"600\" frameborder=\"1\"><\/iframe><\/figure>\n\n\n\n<h2 class=\"wp-block-heading\">Informaci\u00f3n GPX<\/h2>\n\n\n\r\n\t\t<div id=\"wpgpxmaps_6214_774613\" class=\"wpgpxmaps\">\r\n\t\t\t<div id=\"map_6214_774613_cont\" style=\"width:100%; height:450px;position:relative\" >\r\n\t\t\t\t<div id=\"map_6214_774613\" style=\"width:100%; height:450px\"><\/div>\r\n\t\t\t\t<div id=\"wpgpxmaps_6214_774613_osm_footer\" class=\"wpgpxmaps_osm_footer\" style=\"display:none;\"><span> &copy; <a href=\"http:\/\/www.openstreetmap.org\/copyright\">OpenStreetMap<\/a> contributors<\/span><\/div>\r\n\t\t\t<\/div>\r\n\t\t\t<canvas id=\"myChart_6214_774613\" class=\"plot\" style=\"width:100%; height:200px\"><\/canvas>\r\n\t\t\t<div id=\"ngimages_6214_774613\" class=\"ngimages\" style=\"display:none\"><\/div>\r\n\t\t\t<div id=\"report_6214_774613\" class=\"report\"><\/div>\r\n\t\t<\/div>\r\n\t\t\r\n\t\t<script type=\"text\/javascript\">\r\n\r\n\t\t\tjQuery(document).ready(function() {\r\n\r\n\t\t\t\tjQuery( \"#wpgpxmaps_6214_774613\" ).wpgpxmaps( {\r\n\t\t\t\t\ttargetId           : \"6214_774613\",\r\n\t\t\t\t\tmapType            : \"HYBRID\",\r\n\t\t\t\t\tmapData            : [[43.5393600,-5.7024100],[43.5398000,-5.7025700],[43.5401100,-5.7026500],[43.5398000,-5.7025700],[43.5393600,-5.7024100]],\r\n\t\t\t\t\tgraphDist          : [0.00,0.05,0.09,0.12,0.17],\r\n\t\t\t\t\tgraphEle           : [13.00,13.00,13.00,13.00,13.00],\r\n\t\t\t\t\tgraphSpeed         : [],\r\n\t\t\t\t\tgraphHr            : [],\r\n\t\t\t\t\tgraphAtemp         : [],\r\n\t\t\t\t\tgraphCad           : [],\r\n\t\t\t\t\tgraphGrade         : [],\r\n\t\t\t\t\twaypoints          : [{&quot;lat&quot;:43.53936,&quot;lon&quot;:-5.70241,&quot;ele&quot;:13,&quot;time&quot;:&quot;&quot;,&quot;name&quot;:&quot;LaCuruxa&quot;,&quot;desc&quot;:&quot;&quot;,&quot;sym&quot;:&quot;&quot;,&quot;type&quot;:&quot;&quot;,&quot;img&quot;:&quot;&quot;}],\r\n\t\t\t\t\tunit               : \"2\",\r\n\t\t\t\t\tunitspeed          : \"0\",\r\n\t\t\t\t\tcolor1             : [\"#3366cc\"],\r\n\t\t\t\t\tcolor2             : \"#3366cc\",\r\n\t\t\t\t\tcolor3             : \"#ff0000\",\r\n\t\t\t\t\tcolor4             : \"#ff77bd\",\r\n\t\t\t\t\tcolor5             : \"#beecff\",\r\n\t\t\t\t\tcolor6             : \"#beecff\",\r\n\t\t\t\t\tcolor7             : \"#ff77bd\",\r\n\t\t\t\t\tchartFrom1         : \"\",\r\n\t\t\t\t\tchartTo1           : \"\",\r\n\t\t\t\t\tchartFrom2         : \"\",\r\n\t\t\t\t\tchartTo2           : \"\",\r\n\t\t\t\t\tstartIcon          : \"true\",\r\n\t\t\t\t\tendIcon            : \"true\",\r\n\t\t\t\t\tcurrentIcon        : \"true\",\r\n\t\t\t\t\twaypointIcon       : \"\",\r\n\t\t\t\t\tcurrentpositioncon : \"\",\r\n\t\t\t\t\tusegpsposition     : \"\",\r\n\t\t\t\t\tzoomOnScrollWheel  : \"true\",\r\n\t\t\t\t\tngGalleries        : [],\r\n\t\t\t\t\tngImages           : [],\r\n\t\t\t\t\tpluginUrl          : \"https:\/\/lacuruxa.org\/wp-content\/plugins\",\r\n\t\t\t\t\tTFApiKey           : \"\",\r\n\t\t\t\t\tMapBoxApiKey           : \"\",\r\n\t\t\t\t\tlangs              : {\r\n\t\t\t\t\t\taltitude        : \"Altitud\",\r\n\t\t\t\t\t\tcurrentPosition : \"Posici\u00f3n actual\",\r\n\t\t\t\t\t\tspeed           : \"Velocidad\",\r\n\t\t\t\t\t\tgrade           : \"Grados\",\r\n\t\t\t\t\t\theartRate       : \"Pulso card\u00edaco\",\r\n\t\t\t\t\t\tatemp           : \"Temperatura\",\r\n\t\t\t\t\t\tcadence         : \"Cadencia\",\r\n\t\t\t\t\t\tgoFullScreen    : \"Ir a pantalla completa\",\r\n\t\t\t\t\t\texitFullFcreen  : \"Salir de la pantalla completa\",\r\n\t\t\t\t\t\thideImages      : \"Ocultar im\u00e1genes\",\r\n\t\t\t\t\t\tshowImages      : \"Mostrar im\u00e1genes\",\r\n\t\t\t\t\t\tbackToCenter\t: \"Volver al centro\"\r\n\t\t\t\t\t}\r\n\t\t\t\t});\r\n\r\n\t\t\t});\r\n\r\n\t\t<\/script><div id='wpgpxmaps_summary_6214_774613' class='wpgpxmaps_summary'><span class='totlen'><span class='summarylabel'>Distancia total:<\/span><span class='summaryvalue'> 0.17 km<\/span><\/span><br \/><span class='maxele'><span class='summarylabel'>Elevaci\u00f3n m\u00e1xima:<\/span><span class='summaryvalue'> 13 m<\/span><\/span><br \/><span class='minele'><span class='summarylabel'>Elevaci\u00f3n m\u00ednima:<\/span><span class='summaryvalue'> 13 m<\/span><\/span><br \/><span class='totaleleup'><span class='summarylabel'>Ascenso total:<\/span><span class='summaryvalue'> 0 m<\/span><\/span><br \/><span class='totaleledown'><span class='summarylabel'>Descenso total:<\/span><span class='summaryvalue'> 0 m<\/span><\/span><br \/><span class='totaltime'><span class='summarylabel'>Tiempo total:<\/span><span class='summaryvalue'> 00:04:00<\/span><\/span><br \/><\/div>Download file: <a href='https:\/\/lacuruxa.org\/wp-content\/uploads\/gpx\/20201017.gpx' target='_new' download>20201017.gpx<\/a>\n","protected":false},"excerpt":{"rendered":"<p>Iniciamos esta salida en el pueblo cas\u00edn de Soto de Caso (623 m), junto a la ermita de San Jos\u00e9, tomando un sendero que, a modo de atajo, enlaza m\u00e1s arriba con el camino principal que parte del pueblo. El camino va ganando altura en revueltas de trazos muy abiertos. Tras rebasar una cuadra, cruzamos [&hellip;]<\/p>\n","protected":false},"author":40,"featured_media":6173,"comment_status":"open","ping_status":"closed","sticky":false,"template":"","format":"standard","meta":{"ngg_post_thumbnail":0,"footnotes":""},"categories":[764,28,484,13],"tags":[789,765,535,739,589,585,236,532],"class_list":{"0":"post-6214","1":"post","2":"type-post","3":"status-publish","4":"format-standard","5":"has-post-thumbnail","7":"category-764","8":"category-caso","9":"category-dificultad-media","10":"category-travesia","11":"tag-17-de-octubre-de-2020","12":"tag-765","13":"tag-caso","14":"tag-dificultad-media","15":"tag-la-curuxa","16":"tag-lacuruxa-org","17":"tag-rutas","18":"tag-travesia","19":"czr-hentry"},"_links":{"self":[{"href":"https:\/\/lacuruxa.org\/index.php\/wp-json\/wp\/v2\/posts\/6214","targetHints":{"allow":["GET"]}}],"collection":[{"href":"https:\/\/lacuruxa.org\/index.php\/wp-json\/wp\/v2\/posts"}],"about":[{"href":"https:\/\/lacuruxa.org\/index.php\/wp-json\/wp\/v2\/types\/post"}],"author":[{"embeddable":true,"href":"https:\/\/lacuruxa.org\/index.php\/wp-json\/wp\/v2\/users\/40"}],"replies":[{"embeddable":true,"href":"https:\/\/lacuruxa.org\/index.php\/wp-json\/wp\/v2\/comments?post=6214"}],"version-history":[{"count":1,"href":"https:\/\/lacuruxa.org\/index.php\/wp-json\/wp\/v2\/posts\/6214\/revisions"}],"predecessor-version":[{"id":6243,"href":"https:\/\/lacuruxa.org\/index.php\/wp-json\/wp\/v2\/posts\/6214\/revisions\/6243"}],"wp:featuredmedia":[{"embeddable":true,"href":"https:\/\/lacuruxa.org\/index.php\/wp-json\/wp\/v2\/media\/6173"}],"wp:attachment":[{"href":"https:\/\/lacuruxa.org\/index.php\/wp-json\/wp\/v2\/media?parent=6214"}],"wp:term":[{"taxonomy":"category","embeddable":true,"href":"https:\/\/lacuruxa.org\/index.php\/wp-json\/wp\/v2\/categories?post=6214"},{"taxonomy":"post_tag","embeddable":true,"href":"https:\/\/lacuruxa.org\/index.php\/wp-json\/wp\/v2\/tags?post=6214"}],"curies":[{"name":"wp","href":"https:\/\/api.w.org\/{rel}","templated":true}]}}