{"id":6205,"date":"2020-05-31T09:00:00","date_gmt":"2020-05-31T07:00:00","guid":{"rendered":"https:\/\/lacuruxa.org\/index.php\/2020\/05\/31\/ruta-del-agua-de-fabero\/"},"modified":"2020-01-10T11:06:44","modified_gmt":"2020-01-10T10:06:44","slug":"ruta-del-agua-de-fabero","status":"publish","type":"post","link":"https:\/\/lacuruxa.org\/index.php\/2020\/05\/31\/ruta-del-agua-de-fabero\/","title":{"rendered":"Ruta del agua de Fabero"},"content":{"rendered":"\n<p>Comenzamos esta salida en la localidad de B\u00e1rcena de la Abad\u00eda&nbsp; (700 m), pedan\u00eda perteneciente al municipio de Fabero.&nbsp;<\/p>\n\n\n\n<p>Tomando un camino hacia el NE., en ligero ascenso que nos conduce a los dep\u00f3sitos de agua del municipio. Seguimos un sendero que discurre flanqueado a la izquierda por una monta\u00f1a de cuarcita y a la derecha un barranco por donde discurren los arroyos Carballal y Fresnedelo, hacia su desembocadura en el r\u00edo C\u00faa.<\/p>\n\n\n\n<p>M\u00e1s adelante pasamos bordeando una caseta del canal de agua; en este tramo del recorrido se aprecia abundante vegetaci\u00f3n de robles, acebos, encinas, madro\u00f1os, alisos y brezo. Continuamos&nbsp; por diversos tramos dif\u00edciles, donde las paredes de roca se echan encima del camino, veremos el impresionante ca\u00f1\u00f3n que forma el arroyo Fresnedelo.<\/p>\n\n\n\n<p>Llegamos a la uni\u00f3n de dos arroyos, uno el de Carballal y otro el de Fresnedelo; seguimos por el de Carballal hacia la izquierda hasta llegar a la captaci\u00f3n de agua. A partir de aqu\u00ed se recorre un tramo hacia arriba a orillas del arroyo, sin camino definido, hasta encontrar un sendero que recorremos a media ladera hasta alcanzar un collado donde aparece un camino ancho por el que, con rumbo NE., descendemos, con unas buenas vistas de la localidad de Fabero, llegando a Fresnedelo (960 m), pueblo del municipio de Peranzanes, que conserva su arquitectura tradicional; casas de piedra con enlosado de pizarra y su iglesia del siglo XVIII.<\/p>\n\n\n\n<p>Aqu\u00ed en Fresnedelo, hay dos posibilidades para finalizar esta ruta, la primera tomar una carretera que nos conduce a la localidad de San Pedro de Paradela (803 m), municipio de Fabero y la segunda continuar hacia Cariseda (860 m), situada en el valle de Fornela, municipio de Peranzanes.<\/p>\n\n\n\n<h2 class=\"wp-block-heading\">Mapa descriptivo de la ruta<\/h2>\n\n\n\n<div class=\"wp-block-image\"><figure class=\"aligncenter\"><a href=\"\/wp-content\/uploads\/2020\/01\/20200531.png\"><img decoding=\"async\" src=\"\/wp-content\/uploads\/2020\/01\/20200531.png\" alt=\"lacuruxa.org 2020 Mapa ruta 20200531\"\/><\/a><\/figure><\/div>\n\n\n\n<h2 class=\"wp-block-heading\">Datos MIDE<\/h2>\n\n\n\n<figure><iframe loading=\"lazy\" src=\"\/mide\/20200531.html\" name=\"MIDE\" width=\"900\" height=\"600\" frameborder=\"1\"><\/iframe><\/figure>\n\n\n\n<h2 class=\"wp-block-heading\">Informaci\u00f3n GPX<\/h2>\n\n\n\r\n\t\t<div id=\"wpgpxmaps_6205_420203\" class=\"wpgpxmaps\">\r\n\t\t\t<div id=\"map_6205_420203_cont\" style=\"width:100%; height:450px;position:relative\" >\r\n\t\t\t\t<div id=\"map_6205_420203\" style=\"width:100%; height:450px\"><\/div>\r\n\t\t\t\t<div id=\"wpgpxmaps_6205_420203_osm_footer\" class=\"wpgpxmaps_osm_footer\" style=\"display:none;\"><span> &copy; <a href=\"http:\/\/www.openstreetmap.org\/copyright\">OpenStreetMap<\/a> contributors<\/span><\/div>\r\n\t\t\t<\/div>\r\n\t\t\t<canvas id=\"myChart_6205_420203\" class=\"plot\" style=\"width:100%; height:200px\"><\/canvas>\r\n\t\t\t<div id=\"ngimages_6205_420203\" class=\"ngimages\" style=\"display:none\"><\/div>\r\n\t\t\t<div id=\"report_6205_420203\" class=\"report\"><\/div>\r\n\t\t<\/div>\r\n\t\t\r\n\t\t<script type=\"text\/javascript\">\r\n\r\n\t\t\tjQuery(document).ready(function() {\r\n\r\n\t\t\t\tjQuery( \"#wpgpxmaps_6205_420203\" ).wpgpxmaps( {\r\n\t\t\t\t\ttargetId           : \"6205_420203\",\r\n\t\t\t\t\tmapType            : \"HYBRID\",\r\n\t\t\t\t\tmapData            : [[43.5393600,-5.7024100],[43.5398000,-5.7025700],[43.5401100,-5.7026500],[43.5398000,-5.7025700],[43.5393600,-5.7024100]],\r\n\t\t\t\t\tgraphDist          : [0.00,0.05,0.09,0.12,0.17],\r\n\t\t\t\t\tgraphEle           : [13.00,13.00,13.00,13.00,13.00],\r\n\t\t\t\t\tgraphSpeed         : [],\r\n\t\t\t\t\tgraphHr            : [],\r\n\t\t\t\t\tgraphAtemp         : [],\r\n\t\t\t\t\tgraphCad           : [],\r\n\t\t\t\t\tgraphGrade         : [],\r\n\t\t\t\t\twaypoints          : [{&quot;lat&quot;:43.53936,&quot;lon&quot;:-5.70241,&quot;ele&quot;:13,&quot;time&quot;:&quot;&quot;,&quot;name&quot;:&quot;LaCuruxa&quot;,&quot;desc&quot;:&quot;&quot;,&quot;sym&quot;:&quot;&quot;,&quot;type&quot;:&quot;&quot;,&quot;img&quot;:&quot;&quot;}],\r\n\t\t\t\t\tunit               : \"2\",\r\n\t\t\t\t\tunitspeed          : \"0\",\r\n\t\t\t\t\tcolor1             : [\"#3366cc\"],\r\n\t\t\t\t\tcolor2             : \"#3366cc\",\r\n\t\t\t\t\tcolor3             : \"#ff0000\",\r\n\t\t\t\t\tcolor4             : \"#ff77bd\",\r\n\t\t\t\t\tcolor5             : \"#beecff\",\r\n\t\t\t\t\tcolor6             : \"#beecff\",\r\n\t\t\t\t\tcolor7             : \"#ff77bd\",\r\n\t\t\t\t\tchartFrom1         : \"\",\r\n\t\t\t\t\tchartTo1           : \"\",\r\n\t\t\t\t\tchartFrom2         : \"\",\r\n\t\t\t\t\tchartTo2           : \"\",\r\n\t\t\t\t\tstartIcon          : \"true\",\r\n\t\t\t\t\tendIcon            : \"true\",\r\n\t\t\t\t\tcurrentIcon        : \"true\",\r\n\t\t\t\t\twaypointIcon       : \"\",\r\n\t\t\t\t\tcurrentpositioncon : \"\",\r\n\t\t\t\t\tusegpsposition     : \"\",\r\n\t\t\t\t\tzoomOnScrollWheel  : \"true\",\r\n\t\t\t\t\tngGalleries        : [],\r\n\t\t\t\t\tngImages           : [],\r\n\t\t\t\t\tpluginUrl          : \"https:\/\/lacuruxa.org\/wp-content\/plugins\",\r\n\t\t\t\t\tTFApiKey           : \"\",\r\n\t\t\t\t\tMapBoxApiKey           : \"\",\r\n\t\t\t\t\tlangs              : {\r\n\t\t\t\t\t\taltitude        : \"Altitud\",\r\n\t\t\t\t\t\tcurrentPosition : \"Posici\u00f3n actual\",\r\n\t\t\t\t\t\tspeed           : \"Velocidad\",\r\n\t\t\t\t\t\tgrade           : \"Grados\",\r\n\t\t\t\t\t\theartRate       : \"Pulso card\u00edaco\",\r\n\t\t\t\t\t\tatemp           : \"Temperatura\",\r\n\t\t\t\t\t\tcadence         : \"Cadencia\",\r\n\t\t\t\t\t\tgoFullScreen    : \"Ir a pantalla completa\",\r\n\t\t\t\t\t\texitFullFcreen  : \"Salir de la pantalla completa\",\r\n\t\t\t\t\t\thideImages      : \"Ocultar im\u00e1genes\",\r\n\t\t\t\t\t\tshowImages      : \"Mostrar im\u00e1genes\",\r\n\t\t\t\t\t\tbackToCenter\t: \"Volver al centro\"\r\n\t\t\t\t\t}\r\n\t\t\t\t});\r\n\r\n\t\t\t});\r\n\r\n\t\t<\/script><div id='wpgpxmaps_summary_6205_420203' class='wpgpxmaps_summary'><span class='totlen'><span class='summarylabel'>Distancia total:<\/span><span class='summaryvalue'> 0.17 km<\/span><\/span><br \/><span class='maxele'><span class='summarylabel'>Elevaci\u00f3n m\u00e1xima:<\/span><span class='summaryvalue'> 13 m<\/span><\/span><br \/><span class='minele'><span class='summarylabel'>Elevaci\u00f3n m\u00ednima:<\/span><span class='summaryvalue'> 13 m<\/span><\/span><br \/><span class='totaleleup'><span class='summarylabel'>Ascenso total:<\/span><span class='summaryvalue'> 0 m<\/span><\/span><br \/><span class='totaleledown'><span class='summarylabel'>Descenso total:<\/span><span class='summaryvalue'> 0 m<\/span><\/span><br \/><span class='totaltime'><span class='summarylabel'>Tiempo total:<\/span><span class='summaryvalue'> 00:04:00<\/span><\/span><br \/><\/div>Download file: <a href='https:\/\/lacuruxa.org\/wp-content\/uploads\/gpx\/20200531.gpx' target='_new' download>20200531.gpx<\/a>\n","protected":false},"excerpt":{"rendered":"<p>Comenzamos esta salida en la localidad de B\u00e1rcena de la Abad\u00eda&nbsp; (700 m), pedan\u00eda perteneciente al municipio de Fabero.&nbsp; Tomando un camino hacia el NE., en ligero ascenso que nos conduce a los dep\u00f3sitos de agua del municipio. Seguimos un sendero que discurre flanqueado a la izquierda por una monta\u00f1a de cuarcita y a la [&hellip;]<\/p>\n","protected":false},"author":40,"featured_media":6163,"comment_status":"open","ping_status":"closed","sticky":false,"template":"","format":"standard","meta":{"ngg_post_thumbnail":0,"footnotes":""},"categories":[764,34,484,13],"tags":[765,780,540,739,589,585,236,532],"class_list":{"0":"post-6205","1":"post","2":"type-post","3":"status-publish","4":"format-standard","5":"has-post-thumbnail","7":"category-764","8":"category-castilla-y-leon","9":"category-dificultad-media","10":"category-travesia","11":"tag-765","12":"tag-31-de-mayo-de-2020","13":"tag-castilla-y-leon","14":"tag-dificultad-media","15":"tag-la-curuxa","16":"tag-lacuruxa-org","17":"tag-rutas","18":"tag-travesia","19":"czr-hentry"},"_links":{"self":[{"href":"https:\/\/lacuruxa.org\/index.php\/wp-json\/wp\/v2\/posts\/6205","targetHints":{"allow":["GET"]}}],"collection":[{"href":"https:\/\/lacuruxa.org\/index.php\/wp-json\/wp\/v2\/posts"}],"about":[{"href":"https:\/\/lacuruxa.org\/index.php\/wp-json\/wp\/v2\/types\/post"}],"author":[{"embeddable":true,"href":"https:\/\/lacuruxa.org\/index.php\/wp-json\/wp\/v2\/users\/40"}],"replies":[{"embeddable":true,"href":"https:\/\/lacuruxa.org\/index.php\/wp-json\/wp\/v2\/comments?post=6205"}],"version-history":[{"count":1,"href":"https:\/\/lacuruxa.org\/index.php\/wp-json\/wp\/v2\/posts\/6205\/revisions"}],"predecessor-version":[{"id":6233,"href":"https:\/\/lacuruxa.org\/index.php\/wp-json\/wp\/v2\/posts\/6205\/revisions\/6233"}],"wp:featuredmedia":[{"embeddable":true,"href":"https:\/\/lacuruxa.org\/index.php\/wp-json\/wp\/v2\/media\/6163"}],"wp:attachment":[{"href":"https:\/\/lacuruxa.org\/index.php\/wp-json\/wp\/v2\/media?parent=6205"}],"wp:term":[{"taxonomy":"category","embeddable":true,"href":"https:\/\/lacuruxa.org\/index.php\/wp-json\/wp\/v2\/categories?post=6205"},{"taxonomy":"post_tag","embeddable":true,"href":"https:\/\/lacuruxa.org\/index.php\/wp-json\/wp\/v2\/tags?post=6205"}],"curies":[{"name":"wp","href":"https:\/\/api.w.org\/{rel}","templated":true}]}}