{"id":6203,"date":"2020-05-23T09:00:00","date_gmt":"2020-05-23T07:00:00","guid":{"rendered":"https:\/\/lacuruxa.org\/index.php\/2020\/05\/23\/sierra-de-sobia\/"},"modified":"2020-01-10T11:09:16","modified_gmt":"2020-01-10T10:09:16","slug":"sierra-de-sobia","status":"publish","type":"post","link":"https:\/\/lacuruxa.org\/index.php\/2020\/05\/23\/sierra-de-sobia\/","title":{"rendered":"Sierra de Sobia"},"content":{"rendered":"\n<p>Iniciamos esta salida en el pueblo de Carrea, cerca del Santuario de la Asunci\u00f3n de C\u00e9brano (760 m), seguimos una amplia pista ganadera, algunos tramos hormigonada, que asciende de forma exigente por el camino denominado les Envueltes, a la altura del lugar conocido como las Lastras, se junta con el que viene del pueblo de Sobrevilla, discurre entre pastizales primero y roquedo despu\u00e9s, al final, un poco antes de llegar a la laguna Sobia, veremos una antiqu\u00edsima fuente, la Maquila.<\/p>\n\n\n\n<p>Esta laguna artificial, rodeada de piedras para aprovechar bien el agua para el ganado, est\u00e1 situada entre las cumbres de los picos La Siella y la Forcadura. Si miramos en direcci\u00f3n SO. podemos contemplar los puertos de la Mesa.<br>Tomando rumbo N., en poco tiempo, llegamos a las vegas de Afuera, donde a\u00fan quedan algunos corros (son caba\u00f1as totalmente de piedra con el dintel de la puerta de formas dolom\u00edticas). Siguiendo uno de los m\u00faltiples caminos de prader\u00eda y luego un peque\u00f1o roquedo, podemos alcanzar la cima del pico la Siella (1514 m) podemos contemplar una amplia panor\u00e1mica: las&nbsp; sierras del Aramo, Caranga, Gradura, el macizo de las Ubi\u00f1as, pe\u00f1a Rueda, los bosques de Quir\u00f3s, el cordal de la Mesa,&#8230;&nbsp;<\/p>\n\n\n\n<p>Regresamos de nuevo a la vega de Afuera, para dirigirnos, con direcci\u00f3n SE., por la falda de la sierra de Sobia, en su parte oriental, a tierras quirosanas, por un sendero muy marcado que desciende hasta la bra\u00f1a las Varas, aqu\u00ed se convierte en pista y sigue descendiendo vertiginosamente, pasando por la bra\u00f1a la Felguera,&nbsp;entre casta\u00f1os, hayas, robles, fresnos y avellanos, sin p\u00e9rdida nos lleva al n\u00facleo rural de Faedo.<\/p>\n\n\n\n<p>Aqu\u00ed seguimos carretera abajo, hasta San Salvador, donde tomamos la Senda del Oso, por la que llegaremos a B\u00e1rzana (440 m), capital del concejo de Quir\u00f3s, donde finalizamos esta salida.<\/p>\n\n\n\n<h2 class=\"wp-block-heading\">Mapa descriptivo de la ruta<\/h2>\n\n\n\n<div class=\"wp-block-image\"><figure class=\"aligncenter\"><a href=\"\/wp-content\/uploads\/2020\/01\/20200523.png\"><img decoding=\"async\" src=\"\/wp-content\/uploads\/2020\/01\/20200523.png\" alt=\"lacuruxa.org 2020 Mapa ruta 20200523\"\/><\/a><\/figure><\/div>\n\n\n\n<h2 class=\"wp-block-heading\">Datos MIDE<\/h2>\n\n\n\n<figure><iframe loading=\"lazy\" src=\"\/mide\/20200523.html\" name=\"MIDE\" width=\"900\" height=\"600\" frameborder=\"1\"><\/iframe><\/figure>\n\n\n\n<h2 class=\"wp-block-heading\">Informaci\u00f3n GPX<\/h2>\n\n\n\r\n\t\t<div id=\"wpgpxmaps_6203_1236426\" class=\"wpgpxmaps\">\r\n\t\t\t<div id=\"map_6203_1236426_cont\" style=\"width:100%; height:450px;position:relative\" >\r\n\t\t\t\t<div id=\"map_6203_1236426\" style=\"width:100%; height:450px\"><\/div>\r\n\t\t\t\t<div id=\"wpgpxmaps_6203_1236426_osm_footer\" class=\"wpgpxmaps_osm_footer\" style=\"display:none;\"><span> &copy; <a href=\"http:\/\/www.openstreetmap.org\/copyright\">OpenStreetMap<\/a> contributors<\/span><\/div>\r\n\t\t\t<\/div>\r\n\t\t\t<canvas id=\"myChart_6203_1236426\" class=\"plot\" style=\"width:100%; height:200px\"><\/canvas>\r\n\t\t\t<div id=\"ngimages_6203_1236426\" class=\"ngimages\" style=\"display:none\"><\/div>\r\n\t\t\t<div id=\"report_6203_1236426\" class=\"report\"><\/div>\r\n\t\t<\/div>\r\n\t\t\r\n\t\t<script type=\"text\/javascript\">\r\n\r\n\t\t\tjQuery(document).ready(function() {\r\n\r\n\t\t\t\tjQuery( \"#wpgpxmaps_6203_1236426\" ).wpgpxmaps( {\r\n\t\t\t\t\ttargetId           : \"6203_1236426\",\r\n\t\t\t\t\tmapType            : \"HYBRID\",\r\n\t\t\t\t\tmapData            : [[43.5393600,-5.7024100],[43.5398000,-5.7025700],[43.5401100,-5.7026500],[43.5398000,-5.7025700],[43.5393600,-5.7024100]],\r\n\t\t\t\t\tgraphDist          : [0.00,0.05,0.09,0.12,0.17],\r\n\t\t\t\t\tgraphEle           : [13.00,13.00,13.00,13.00,13.00],\r\n\t\t\t\t\tgraphSpeed         : [],\r\n\t\t\t\t\tgraphHr            : [],\r\n\t\t\t\t\tgraphAtemp         : [],\r\n\t\t\t\t\tgraphCad           : [],\r\n\t\t\t\t\tgraphGrade         : [],\r\n\t\t\t\t\twaypoints          : [{&quot;lat&quot;:43.53936,&quot;lon&quot;:-5.70241,&quot;ele&quot;:13,&quot;time&quot;:&quot;&quot;,&quot;name&quot;:&quot;LaCuruxa&quot;,&quot;desc&quot;:&quot;&quot;,&quot;sym&quot;:&quot;&quot;,&quot;type&quot;:&quot;&quot;,&quot;img&quot;:&quot;&quot;}],\r\n\t\t\t\t\tunit               : \"2\",\r\n\t\t\t\t\tunitspeed          : \"0\",\r\n\t\t\t\t\tcolor1             : [\"#3366cc\"],\r\n\t\t\t\t\tcolor2             : \"#3366cc\",\r\n\t\t\t\t\tcolor3             : \"#ff0000\",\r\n\t\t\t\t\tcolor4             : \"#ff77bd\",\r\n\t\t\t\t\tcolor5             : \"#beecff\",\r\n\t\t\t\t\tcolor6             : \"#beecff\",\r\n\t\t\t\t\tcolor7             : \"#ff77bd\",\r\n\t\t\t\t\tchartFrom1         : \"\",\r\n\t\t\t\t\tchartTo1           : \"\",\r\n\t\t\t\t\tchartFrom2         : \"\",\r\n\t\t\t\t\tchartTo2           : \"\",\r\n\t\t\t\t\tstartIcon          : \"true\",\r\n\t\t\t\t\tendIcon            : \"true\",\r\n\t\t\t\t\tcurrentIcon        : \"true\",\r\n\t\t\t\t\twaypointIcon       : \"\",\r\n\t\t\t\t\tcurrentpositioncon : \"\",\r\n\t\t\t\t\tusegpsposition     : \"\",\r\n\t\t\t\t\tzoomOnScrollWheel  : \"true\",\r\n\t\t\t\t\tngGalleries        : [],\r\n\t\t\t\t\tngImages           : [],\r\n\t\t\t\t\tpluginUrl          : \"https:\/\/lacuruxa.org\/wp-content\/plugins\",\r\n\t\t\t\t\tTFApiKey           : \"\",\r\n\t\t\t\t\tMapBoxApiKey           : \"\",\r\n\t\t\t\t\tlangs              : {\r\n\t\t\t\t\t\taltitude        : \"Altitud\",\r\n\t\t\t\t\t\tcurrentPosition : \"Posici\u00f3n actual\",\r\n\t\t\t\t\t\tspeed           : \"Velocidad\",\r\n\t\t\t\t\t\tgrade           : \"Grados\",\r\n\t\t\t\t\t\theartRate       : \"Pulso card\u00edaco\",\r\n\t\t\t\t\t\tatemp           : \"Temperatura\",\r\n\t\t\t\t\t\tcadence         : \"Cadencia\",\r\n\t\t\t\t\t\tgoFullScreen    : \"Ir a pantalla completa\",\r\n\t\t\t\t\t\texitFullFcreen  : \"Salir de la pantalla completa\",\r\n\t\t\t\t\t\thideImages      : \"Ocultar im\u00e1genes\",\r\n\t\t\t\t\t\tshowImages      : \"Mostrar im\u00e1genes\",\r\n\t\t\t\t\t\tbackToCenter\t: \"Volver al centro\"\r\n\t\t\t\t\t}\r\n\t\t\t\t});\r\n\r\n\t\t\t});\r\n\r\n\t\t<\/script><div id='wpgpxmaps_summary_6203_1236426' class='wpgpxmaps_summary'><span class='totlen'><span class='summarylabel'>Distancia total:<\/span><span class='summaryvalue'> 0.17 km<\/span><\/span><br \/><span class='maxele'><span class='summarylabel'>Elevaci\u00f3n m\u00e1xima:<\/span><span class='summaryvalue'> 13 m<\/span><\/span><br \/><span class='minele'><span class='summarylabel'>Elevaci\u00f3n m\u00ednima:<\/span><span class='summaryvalue'> 13 m<\/span><\/span><br \/><span class='totaleleup'><span class='summarylabel'>Ascenso total:<\/span><span class='summaryvalue'> 0 m<\/span><\/span><br \/><span class='totaleledown'><span class='summarylabel'>Descenso total:<\/span><span class='summaryvalue'> 0 m<\/span><\/span><br \/><span class='totaltime'><span class='summarylabel'>Tiempo total:<\/span><span class='summaryvalue'> 00:04:00<\/span><\/span><br \/><\/div>Download file: <a href='https:\/\/lacuruxa.org\/wp-content\/uploads\/gpx\/20200523.gpx' target='_new' download>20200523.gpx<\/a>\n","protected":false},"excerpt":{"rendered":"<p>Iniciamos esta salida en el pueblo de Carrea, cerca del Santuario de la Asunci\u00f3n de C\u00e9brano (760 m), seguimos una amplia pista ganadera, algunos tramos hormigonada, que asciende de forma exigente por el camino denominado les Envueltes, a la altura del lugar conocido como las Lastras, se junta con el que viene del pueblo de [&hellip;]<\/p>\n","protected":false},"author":40,"featured_media":6161,"comment_status":"open","ping_status":"closed","sticky":false,"template":"","format":"standard","meta":{"ngg_post_thumbnail":0,"footnotes":""},"categories":[764,484,42,31,13],"tags":[765,778,739,589,585,549,236,538,532],"class_list":{"0":"post-6203","1":"post","2":"type-post","3":"status-publish","4":"format-standard","5":"has-post-thumbnail","7":"category-764","8":"category-dificultad-media","9":"category-quiros","10":"category-teverga","11":"category-travesia","12":"tag-765","13":"tag-23-de-mayo-de-2020","14":"tag-dificultad-media","15":"tag-la-curuxa","16":"tag-lacuruxa-org","17":"tag-quiros","18":"tag-rutas","19":"tag-teverga","20":"tag-travesia","21":"czr-hentry"},"_links":{"self":[{"href":"https:\/\/lacuruxa.org\/index.php\/wp-json\/wp\/v2\/posts\/6203","targetHints":{"allow":["GET"]}}],"collection":[{"href":"https:\/\/lacuruxa.org\/index.php\/wp-json\/wp\/v2\/posts"}],"about":[{"href":"https:\/\/lacuruxa.org\/index.php\/wp-json\/wp\/v2\/types\/post"}],"author":[{"embeddable":true,"href":"https:\/\/lacuruxa.org\/index.php\/wp-json\/wp\/v2\/users\/40"}],"replies":[{"embeddable":true,"href":"https:\/\/lacuruxa.org\/index.php\/wp-json\/wp\/v2\/comments?post=6203"}],"version-history":[{"count":1,"href":"https:\/\/lacuruxa.org\/index.php\/wp-json\/wp\/v2\/posts\/6203\/revisions"}],"predecessor-version":[{"id":6230,"href":"https:\/\/lacuruxa.org\/index.php\/wp-json\/wp\/v2\/posts\/6203\/revisions\/6230"}],"wp:featuredmedia":[{"embeddable":true,"href":"https:\/\/lacuruxa.org\/index.php\/wp-json\/wp\/v2\/media\/6161"}],"wp:attachment":[{"href":"https:\/\/lacuruxa.org\/index.php\/wp-json\/wp\/v2\/media?parent=6203"}],"wp:term":[{"taxonomy":"category","embeddable":true,"href":"https:\/\/lacuruxa.org\/index.php\/wp-json\/wp\/v2\/categories?post=6203"},{"taxonomy":"post_tag","embeddable":true,"href":"https:\/\/lacuruxa.org\/index.php\/wp-json\/wp\/v2\/tags?post=6203"}],"curies":[{"name":"wp","href":"https:\/\/api.w.org\/{rel}","templated":true}]}}