{"id":58,"date":"2003-06-14T06:00:34","date_gmt":"2003-06-14T05:00:34","guid":{"rendered":"http:\/\/www.lacuruxa.org\/weblog\/index.php\/2003\/06\/14\/bulnes-y-amuesa\/"},"modified":"2003-06-14T06:00:34","modified_gmt":"2003-06-14T05:00:34","slug":"bulnes-y-amuesa","status":"publish","type":"post","link":"https:\/\/lacuruxa.org\/index.php\/2003\/06\/14\/bulnes-y-amuesa\/","title":{"rendered":"Bulnes y Amuesa"},"content":{"rendered":"<p><img decoding=\"async\" src=\"http:\/\/www.lacuruxa.org\/2003\/fotos_rutas\/imagen16.jpg\" alt=\"foto de la ruta\" \/><\/p>\n<p>Iniciamos esta salida en Poncebos, donde tomamos una senda que cruza el r\u00edo Cares por un puente de la Edad Media, llamado La Haya. Entramos en la profunda canal de la Riega del Tejo con numerosos zigs .zags, siguiendo el curso del r\u00edo Bulnes aguas arriba, hasta remontar en Fuente Colines, donde damos vista al angosto valle donde se asienta el pueblo de Bulnes, formado por dos barrios: La Villa y El Castillo.  Del barrio de arriba o del Castillo, la senda se transforma en camino muriado de<br \/>\npiedra, luego en pedrero, inici\u00e1ndose una empinada subida por la canal de Amuesa para alcanzar el collado La Cima y entrar en el coraz\u00f3n de la majada de Amuesa.<\/p>\n<p>Continuamos una c\u00f3moda traves\u00eda de los puertos de Amuesa; bajo el hayedo de Monte Llu\u00e9; uno de los m\u00e1s amplios de Picos de Europa de onduladas prader\u00edas limitadas hacia lo alto por las cuestas de Orandi, Salines y Trave y cortadas hacia lo bajo por los profundos abismos sobre las aguas del Cares; hasta llegar al Coll\u00e1u Cerr\u00e9u, que es la salida cimera de la canal de Piedra Bellida.  Desde Coll\u00e1u Cerr\u00e9u regresamos a Amuesa, volviendo la vista por \u00faltima vez hacia Ca\u00edn, la profundidad de la<br \/>\ngarganta del Cares y Ost\u00f3n. En nuestro caminar hermosas panor\u00e1micas de cumbres como: Los Albos, Cuetos del Trave, Llerosos, Jultayu&#8230;<\/p>\n<p>Dejamos la majada de Amuesa a la izquierda para llegar al Sell\u00f3n de Chagu que limita con el collado Cima, la entrada a la canal de Amuesa por donde descendemos hacia Bulnes, en las proximidades podemos contemplar el Pico Urriellu.<\/p>\n<p>Por ultimo regresamos a Poncebos por el sendero de la canal de la Riega del Tejo.<\/p>\n<p><img decoding=\"async\" src=\"http:\/\/www.lacuruxa.org\/2003\/fotos_mapas\/mapa16.jpg\" alt=\"mapa de la ruta\" \/><\/p>\n","protected":false},"excerpt":{"rendered":"<p>Iniciamos esta salida en Poncebos, donde tomamos una senda que cruza el r\u00edo Cares por un puente de la Edad Media, llamado La Haya. Entramos en la profunda canal de la Riega del Tejo con numerosos zigs .zags, siguiendo el curso del r\u00edo Bulnes aguas arriba, hasta remontar en Fuente Colines, donde damos vista al [&hellip;]<\/p>\n","protected":false},"author":40,"featured_media":0,"comment_status":"open","ping_status":"open","sticky":false,"template":"","format":"standard","meta":{"ngg_post_thumbnail":0,"footnotes":""},"categories":[19,2,37,21,11,8],"tags":[],"class_list":{"0":"post-58","1":"post","2":"type-post","3":"status-publish","4":"format-standard","6":"category-19","7":"category-anos","8":"category-cabrales","9":"category-concejos","10":"category-ida-y-vuelta","11":"category-tipo-de-ruta","12":"czr-hentry"},"_links":{"self":[{"href":"https:\/\/lacuruxa.org\/index.php\/wp-json\/wp\/v2\/posts\/58","targetHints":{"allow":["GET"]}}],"collection":[{"href":"https:\/\/lacuruxa.org\/index.php\/wp-json\/wp\/v2\/posts"}],"about":[{"href":"https:\/\/lacuruxa.org\/index.php\/wp-json\/wp\/v2\/types\/post"}],"author":[{"embeddable":true,"href":"https:\/\/lacuruxa.org\/index.php\/wp-json\/wp\/v2\/users\/40"}],"replies":[{"embeddable":true,"href":"https:\/\/lacuruxa.org\/index.php\/wp-json\/wp\/v2\/comments?post=58"}],"version-history":[{"count":0,"href":"https:\/\/lacuruxa.org\/index.php\/wp-json\/wp\/v2\/posts\/58\/revisions"}],"wp:attachment":[{"href":"https:\/\/lacuruxa.org\/index.php\/wp-json\/wp\/v2\/media?parent=58"}],"wp:term":[{"taxonomy":"category","embeddable":true,"href":"https:\/\/lacuruxa.org\/index.php\/wp-json\/wp\/v2\/categories?post=58"},{"taxonomy":"post_tag","embeddable":true,"href":"https:\/\/lacuruxa.org\/index.php\/wp-json\/wp\/v2\/tags?post=58"}],"curies":[{"name":"wp","href":"https:\/\/api.w.org\/{rel}","templated":true}]}}