{"id":57,"date":"2003-05-24T06:00:55","date_gmt":"2003-05-24T05:00:55","guid":{"rendered":"http:\/\/www.lacuruxa.org\/weblog\/index.php\/2003\/05\/24\/pena-cabrera\/"},"modified":"2006-10-19T22:08:52","modified_gmt":"2006-10-19T21:08:52","slug":"pena-cabrera","status":"publish","type":"post","link":"https:\/\/lacuruxa.org\/index.php\/2003\/05\/24\/pena-cabrera\/","title":{"rendered":"Pe\u00f1a Cabrera"},"content":{"rendered":"<p><img decoding=\"async\" src=\"http:\/\/www.lacuruxa.org\/2003\/fotos_rutas\/imagen15.jpg\" alt=\"foto de la ruta\" \/><\/p>\n<p>Comenzamos a caminar en el Alto del Palo (1.689 m.), siguiendo la pista con direcci\u00f3n E., al llegar al limite provincial, en el collado la Canciella, dejamos la pista y bajamos por la ladera de la derecha hasta llegar a la llanura de f\u00e9rtiles pastos. Vamos ganando altura con rumbo E., hasta alcanzar la zona de pe\u00f1as de la Campa los Anxeles.  Continuamos bajando al ESE., y pasamos a la vega situada a la derecha, donde hay una caba\u00f1a, nos desviamos a la derecha, cruzamos en ascenso las camperas,<br \/>\nal llegar a la loma giramos de nuevo el rumbo al E., para alcanzar Los Sucos de Cuayos. Remontamos por la izquierda el crest\u00f3n hasta la cima de Pe\u00f1a Cabrera de 1.712 m. que nos ofrece una vista hermosa del entorno.<\/p>\n<p>Situados de nuevo en la loma Los Sucos, descendemos al NE., hacia las primeras caba\u00f1as de El Pedroso, situadas en un rellano, donde tomamos un sendero que bordea la ladera al E., nos conduce a una colladina por la que pasamos a la vaguada contigua para alcanzar el collado Formosu; desde el que se divisa el pueblo de Pajares.<\/p>\n<p>Seguimos el camino en suave ascenso hasta el contrafuerte de las Bra\u00f1olinas, desde el que damos vista a buena parte del valle del Huerna.  A partir de aqu\u00ed descendemos al NE., a desembocar en la amplia collada de la Vega Viescas, el camino sigue sobrepasando la fuente abrevadero el Colla\u00edn para inmediatamente llegar al collado de la Saeta.<\/p>\n<p>Bajamos por la ladera izquierda al O., vadeamos una riega y llegamos a la cuadra de la Vigona, donde tomamos la pista.<\/p>\n<p>Continuamos por ella hasta enlazar con el camino que viene de La Cadillera. El resto es seguir la pista com\u00fan hasta el fondo del valle tras cruzar el r\u00edo Huerna llegamos a los Pontones.<\/p>\n<p><img decoding=\"async\" src=\"http:\/\/www.lacuruxa.org\/2003\/fotos_mapas\/mapa15.jpg\" alt=\"mapa de la ruta\" \/><\/p>\n","protected":false},"excerpt":{"rendered":"<p>Comenzamos a caminar en el Alto del Palo (1.689 m.), siguiendo la pista con direcci\u00f3n E., al llegar al limite provincial, en el collado la Canciella, dejamos la pista y bajamos por la ladera de la derecha hasta llegar a la llanura de f\u00e9rtiles pastos. Vamos ganando altura con rumbo E., hasta alcanzar la zona [&hellip;]<\/p>\n","protected":false},"author":40,"featured_media":0,"comment_status":"open","ping_status":"open","sticky":false,"template":"","format":"standard","meta":{"ngg_post_thumbnail":0,"footnotes":""},"categories":[19,2,34,33,21,40,8,13],"tags":[],"class_list":{"0":"post-57","1":"post","2":"type-post","3":"status-publish","4":"format-standard","6":"category-19","7":"category-anos","8":"category-castilla-y-leon","9":"category-comunidad-autonoma","10":"category-concejos","11":"category-lena","12":"category-tipo-de-ruta","13":"category-travesia","14":"czr-hentry"},"_links":{"self":[{"href":"https:\/\/lacuruxa.org\/index.php\/wp-json\/wp\/v2\/posts\/57","targetHints":{"allow":["GET"]}}],"collection":[{"href":"https:\/\/lacuruxa.org\/index.php\/wp-json\/wp\/v2\/posts"}],"about":[{"href":"https:\/\/lacuruxa.org\/index.php\/wp-json\/wp\/v2\/types\/post"}],"author":[{"embeddable":true,"href":"https:\/\/lacuruxa.org\/index.php\/wp-json\/wp\/v2\/users\/40"}],"replies":[{"embeddable":true,"href":"https:\/\/lacuruxa.org\/index.php\/wp-json\/wp\/v2\/comments?post=57"}],"version-history":[{"count":0,"href":"https:\/\/lacuruxa.org\/index.php\/wp-json\/wp\/v2\/posts\/57\/revisions"}],"wp:attachment":[{"href":"https:\/\/lacuruxa.org\/index.php\/wp-json\/wp\/v2\/media?parent=57"}],"wp:term":[{"taxonomy":"category","embeddable":true,"href":"https:\/\/lacuruxa.org\/index.php\/wp-json\/wp\/v2\/categories?post=57"},{"taxonomy":"post_tag","embeddable":true,"href":"https:\/\/lacuruxa.org\/index.php\/wp-json\/wp\/v2\/tags?post=57"}],"curies":[{"name":"wp","href":"https:\/\/api.w.org\/{rel}","templated":true}]}}