{"id":49,"date":"2003-03-08T06:00:42","date_gmt":"2003-03-08T05:00:42","guid":{"rendered":"http:\/\/www.lacuruxa.org\/weblog\/index.php\/2003\/03\/08\/pena-la-ordaliega\/"},"modified":"2003-03-08T06:00:42","modified_gmt":"2003-03-08T05:00:42","slug":"pena-la-ordaliega","status":"publish","type":"post","link":"https:\/\/lacuruxa.org\/index.php\/2003\/03\/08\/pena-la-ordaliega\/","title":{"rendered":"Pe\u00f1a La Ordaliega"},"content":{"rendered":"<p><img decoding=\"async\" src=\"http:\/\/www.lacuruxa.org\/2003\/fotos_rutas\/imagen07.jpg\" alt=\"foto de la ruta\" \/><\/p>\n<p>A la izquierda del pueblo hay un ramal de la carretera que va al pueblo de Nieves; al poco tiempo abandonamos el ramal para tomar un camino a la izquierda que atraviesa una zona boscosa y nos conduce a los espacios abiertos de los Collaos, seguidamente llegamos a la majada La Texera.<br \/>\nSeguimos un desvi\u00f3 a la derecha que sube en vueltas por el canto de la sierra y nos lleva al collau de Llagu Ovia.<br \/>\nDesde aqu\u00ed continuamos al SE. por un sendero de ganado que atraviesa el brezal; tras pasar por el Collau la Piedra enseguida alcanzamos la cumbre de la pe\u00f1a Ordaliega (1.463 m.), que ofrece una abierta panor\u00e1mica de los montes de Pilo\u00f1a y Caso, as\u00ed como destacadas cumbres de la Cordillera y Picos de Europa.<\/p>\n<p>De vuelta al Collau la Piedra, seguimos un sendero que atraviesa un poco m\u00e1s abajo el crest\u00f3n de la sierra por una angostura saliendo a las verdes prader\u00edas de la Collada para seguir un sendero que viene rodeando la ladera del monte por encima Comenzamos esta salida en el pueblo cas\u00edn de Bueres, que se encuentra en la carretera comarcal de Infiesto a Campo de Caso, en el Km. 24,5.<\/p>\n<p>del camino de Les Calzaes y nos conduce a una campera detr\u00e1s de la cual se encuentra la majada La Felguerina con varias caba\u00f1as.<\/p>\n<p>Una senda nos baja en vueltas al fondo del valle por donde entramos en la Foz de Mo\u00f1acos, donde cogemos una pista hacia el N. que nos va describiendo paisajes de singular belleza del bosque de Monte Corbera. Atravesamos la Foz del Infierno, el caser\u00edo de Degoes, llegando al \u00e1rea recreativa La Pesanca, a partir de aqu\u00ed ya es carretera que nos lleva al pueblo de Riofabar y finalmente a Espinaredo.<\/p>\n<p><img decoding=\"async\" src=\"http:\/\/www.lacuruxa.org\/2003\/fotos_mapas\/mapa07.jpg\" alt=\"mapa de la ruta\" \/><\/p>\n","protected":false},"excerpt":{"rendered":"<p>A la izquierda del pueblo hay un ramal de la carretera que va al pueblo de Nieves; al poco tiempo abandonamos el ramal para tomar un camino a la izquierda que atraviesa una zona boscosa y nos conduce a los espacios abiertos de los Collaos, seguidamente llegamos a la majada La Texera. Seguimos un desvi\u00f3 [&hellip;]<\/p>\n","protected":false},"author":40,"featured_media":0,"comment_status":"open","ping_status":"open","sticky":false,"template":"","format":"standard","meta":{"ngg_post_thumbnail":0,"footnotes":""},"categories":[19,2,28,21,29,8,13],"tags":[],"class_list":{"0":"post-49","1":"post","2":"type-post","3":"status-publish","4":"format-standard","6":"category-19","7":"category-anos","8":"category-caso","9":"category-concejos","10":"category-pilona","11":"category-tipo-de-ruta","12":"category-travesia","13":"czr-hentry"},"_links":{"self":[{"href":"https:\/\/lacuruxa.org\/index.php\/wp-json\/wp\/v2\/posts\/49","targetHints":{"allow":["GET"]}}],"collection":[{"href":"https:\/\/lacuruxa.org\/index.php\/wp-json\/wp\/v2\/posts"}],"about":[{"href":"https:\/\/lacuruxa.org\/index.php\/wp-json\/wp\/v2\/types\/post"}],"author":[{"embeddable":true,"href":"https:\/\/lacuruxa.org\/index.php\/wp-json\/wp\/v2\/users\/40"}],"replies":[{"embeddable":true,"href":"https:\/\/lacuruxa.org\/index.php\/wp-json\/wp\/v2\/comments?post=49"}],"version-history":[{"count":0,"href":"https:\/\/lacuruxa.org\/index.php\/wp-json\/wp\/v2\/posts\/49\/revisions"}],"wp:attachment":[{"href":"https:\/\/lacuruxa.org\/index.php\/wp-json\/wp\/v2\/media?parent=49"}],"wp:term":[{"taxonomy":"category","embeddable":true,"href":"https:\/\/lacuruxa.org\/index.php\/wp-json\/wp\/v2\/categories?post=49"},{"taxonomy":"post_tag","embeddable":true,"href":"https:\/\/lacuruxa.org\/index.php\/wp-json\/wp\/v2\/tags?post=49"}],"curies":[{"name":"wp","href":"https:\/\/api.w.org\/{rel}","templated":true}]}}