{"id":46,"date":"2003-02-09T06:00:21","date_gmt":"2003-02-09T05:00:21","guid":{"rendered":"http:\/\/www.lacuruxa.org\/weblog\/index.php\/2003\/02\/09\/pico-morea\/"},"modified":"2003-02-09T06:00:21","modified_gmt":"2003-02-09T05:00:21","slug":"pico-morea","status":"publish","type":"post","link":"https:\/\/lacuruxa.org\/index.php\/2003\/02\/09\/pico-morea\/","title":{"rendered":"Pico Morea"},"content":{"rendered":"<p><img decoding=\"async\" src=\"http:\/\/www.lacuruxa.org\/2003\/fotos_rutas\/imagen04.jpg\" alt=\"foto de la ruta\" \/><\/p>\n<p>Iniciamos esta salida en Alles, capital de Pe\u00f1amellera Alta, junto a la capilla del barrio San Roque, tomamos una pista que con curvas cerradas y ligera ascensi\u00f3n, nos sube a la majada de Llab\u00e1ndames, con abundancia de fresnos y tilos. A la izquierda de la majada y por encima de las caba\u00f1as, sale un sendero ascendente por la ladera en direcci\u00f3n E., por el que pronto llegaremos a Cagigu La Campuca, en cuyo lugar hay un enorme tilo solitario en medio de la ladera: seguimos ascendiendo por el sendero hasta la campera o llanos de Morea.<\/p>\n<p>A nuestra derecha nos queda la cima del pico Morea (1.002 m.), en cuyo extremo norte est\u00e1 la fuente de agua potable de Valleju las Fuentes.<\/p>\n<p>En la subida tenemos en todo momento una magnifica vista de los Picos de Europa. Una vez en la campera de Morea la vista cambia al mar con una panor\u00e1mica del Cant\u00e1brico a trav\u00e9s de la costa de Llanes y Ribadedeva.<\/p>\n<p>Despu\u00e9s de disfrutar de la hermosa vista comenzaremos a bajar por el NE., hacia la Fuente del Hoyo Bardal. Seguimos hacia el E., por una especie de meseta para llegar a Bra\u00f1a Vieja, desde donde ya avistaremos el pueblo de La Borbolla, donde ponemos punto final a esta salida.<\/p>\n<p><img decoding=\"async\" src=\"http:\/\/www.lacuruxa.org\/2003\/fotos_mapas\/mapa04.jpg\" alt=\"mapa de la ruta\" \/><\/p>\n","protected":false},"excerpt":{"rendered":"<p>Iniciamos esta salida en Alles, capital de Pe\u00f1amellera Alta, junto a la capilla del barrio San Roque, tomamos una pista que con curvas cerradas y ligera ascensi\u00f3n, nos sube a la majada de Llab\u00e1ndames, con abundancia de fresnos y tilos. A la izquierda de la majada y por encima de las caba\u00f1as, sale un sendero [&hellip;]<\/p>\n","protected":false},"author":40,"featured_media":0,"comment_status":"open","ping_status":"open","sticky":false,"template":"","format":"standard","meta":{"ngg_post_thumbnail":0,"footnotes":""},"categories":[19,2,21,49,46,8,13],"tags":[],"class_list":{"0":"post-46","1":"post","2":"type-post","3":"status-publish","4":"format-standard","6":"category-19","7":"category-anos","8":"category-concejos","9":"category-llanes","10":"category-penamellera-alta","11":"category-tipo-de-ruta","12":"category-travesia","13":"czr-hentry"},"_links":{"self":[{"href":"https:\/\/lacuruxa.org\/index.php\/wp-json\/wp\/v2\/posts\/46","targetHints":{"allow":["GET"]}}],"collection":[{"href":"https:\/\/lacuruxa.org\/index.php\/wp-json\/wp\/v2\/posts"}],"about":[{"href":"https:\/\/lacuruxa.org\/index.php\/wp-json\/wp\/v2\/types\/post"}],"author":[{"embeddable":true,"href":"https:\/\/lacuruxa.org\/index.php\/wp-json\/wp\/v2\/users\/40"}],"replies":[{"embeddable":true,"href":"https:\/\/lacuruxa.org\/index.php\/wp-json\/wp\/v2\/comments?post=46"}],"version-history":[{"count":0,"href":"https:\/\/lacuruxa.org\/index.php\/wp-json\/wp\/v2\/posts\/46\/revisions"}],"wp:attachment":[{"href":"https:\/\/lacuruxa.org\/index.php\/wp-json\/wp\/v2\/media?parent=46"}],"wp:term":[{"taxonomy":"category","embeddable":true,"href":"https:\/\/lacuruxa.org\/index.php\/wp-json\/wp\/v2\/categories?post=46"},{"taxonomy":"post_tag","embeddable":true,"href":"https:\/\/lacuruxa.org\/index.php\/wp-json\/wp\/v2\/tags?post=46"}],"curies":[{"name":"wp","href":"https:\/\/api.w.org\/{rel}","templated":true}]}}