{"id":29,"date":"2002-05-25T06:00:07","date_gmt":"2002-05-25T05:00:07","guid":{"rendered":"http:\/\/www.lacuruxa.org\/weblog\/index.php\/2002\/05\/25\/pico-pozua\/"},"modified":"2006-10-08T20:34:11","modified_gmt":"2006-10-08T19:34:11","slug":"pico-pozua","status":"publish","type":"post","link":"https:\/\/lacuruxa.org\/index.php\/2002\/05\/25\/pico-pozua\/","title":{"rendered":"Pico Poz\u00faa"},"content":{"rendered":"<p><img decoding=\"async\" src=\"http:\/\/www.lacuruxa.org\/2002\/fotos_rutas\/imagen22.jpg\" alt=\"foto de la ruta\" \/><\/p>\n<p>Comenzamos esta salida en la curva la Petenera (1170 m.), donde tomamos una pista que atraviesa un frondoso bosque de hayas hasta llegar a un remanso del terreno donde se asienta la majada de Poz\u00faa (1450 m.).<\/p>\n<p>Ascendemos al pr\u00f3ximo pico de Las Rochicas (1722 m.), por donde seguimos todo el cordal ganando altura hasta conseguir coronar la redondeada cumbre del pico Poz\u00faa (1908 m.)<\/p>\n<p>Esta destacada cima es el fiel guardi\u00e1n que domina el ampl\u00edsimo valle de Sajambre y los puertos del Pont\u00f3n y Zalambral; as\u00ed como las destacadas cumbres del macizo de Ubi\u00f1a, el Mampodre, Alto Carri\u00f3n o los Picos de Europa.<\/p>\n<p>Desde la cumbre del Poz\u00faa, divisoria de Sajambre y Bur\u00f3n, descendemos por el NO. a la collada de Jean (1614 m.), un poco m\u00e1s adelante alcanzamos el puerto de Zalambral (1551 m.), donde se coge un terreno m\u00e1s ondulado que nos lleva hacia el S. por el valle de Becenes y bordea las estribaciones de los picos Parme (1914 m.) y el Abedular (1893 m.), cordal que se apoya sobre el monte Las Pandiellas.<\/p>\n<p>Siguiendo la senda por todo el valle abajo, paralelo al r\u00edo Becenes, llegamos al pueblo leon\u00e9s de Polvoredo (1200 m.), donde ponemos punto final a esta salida.<\/p>\n<p><img decoding=\"async\" src=\"http:\/\/www.lacuruxa.org\/2002\/fotos_mapas\/mapa22.jpg\" alt=\"mapa ruta\" \/><\/p>\n","protected":false},"excerpt":{"rendered":"<p>Comenzamos esta salida en la curva la Petenera (1170 m.), donde tomamos una pista que atraviesa un frondoso bosque de hayas hasta llegar a un remanso del terreno donde se asienta la majada de Poz\u00faa (1450 m.). Ascendemos al pr\u00f3ximo pico de Las Rochicas (1722 m.), por donde seguimos todo el cordal ganando altura hasta [&hellip;]<\/p>\n","protected":false},"author":40,"featured_media":0,"comment_status":"open","ping_status":"open","sticky":false,"template":"","format":"standard","meta":{"ngg_post_thumbnail":0,"footnotes":""},"categories":[20,2,34,33,13],"tags":[],"class_list":{"0":"post-29","1":"post","2":"type-post","3":"status-publish","4":"format-standard","6":"category-20","7":"category-anos","8":"category-castilla-y-leon","9":"category-comunidad-autonoma","10":"category-travesia","11":"czr-hentry"},"_links":{"self":[{"href":"https:\/\/lacuruxa.org\/index.php\/wp-json\/wp\/v2\/posts\/29","targetHints":{"allow":["GET"]}}],"collection":[{"href":"https:\/\/lacuruxa.org\/index.php\/wp-json\/wp\/v2\/posts"}],"about":[{"href":"https:\/\/lacuruxa.org\/index.php\/wp-json\/wp\/v2\/types\/post"}],"author":[{"embeddable":true,"href":"https:\/\/lacuruxa.org\/index.php\/wp-json\/wp\/v2\/users\/40"}],"replies":[{"embeddable":true,"href":"https:\/\/lacuruxa.org\/index.php\/wp-json\/wp\/v2\/comments?post=29"}],"version-history":[{"count":0,"href":"https:\/\/lacuruxa.org\/index.php\/wp-json\/wp\/v2\/posts\/29\/revisions"}],"wp:attachment":[{"href":"https:\/\/lacuruxa.org\/index.php\/wp-json\/wp\/v2\/media?parent=29"}],"wp:term":[{"taxonomy":"category","embeddable":true,"href":"https:\/\/lacuruxa.org\/index.php\/wp-json\/wp\/v2\/categories?post=29"},{"taxonomy":"post_tag","embeddable":true,"href":"https:\/\/lacuruxa.org\/index.php\/wp-json\/wp\/v2\/tags?post=29"}],"curies":[{"name":"wp","href":"https:\/\/api.w.org\/{rel}","templated":true}]}}