{"id":23,"date":"2002-03-09T06:00:33","date_gmt":"2002-03-09T05:00:33","guid":{"rendered":"http:\/\/www.lacuruxa.org\/weblog\/index.php\/2002\/03\/09\/el-faceu\/"},"modified":"2006-02-28T21:44:36","modified_gmt":"2006-02-28T20:44:36","slug":"el-faceu","status":"publish","type":"post","link":"https:\/\/lacuruxa.org\/index.php\/2002\/03\/09\/el-faceu\/","title":{"rendered":"El Faceu"},"content":{"rendered":"<p><img decoding=\"async\" src=\"http:\/\/www.lacuruxa.org\/2002\/fotos_rutas\/imagen03.jpg\" alt=\"ruta\" \/><\/p>\n<p>Comenzamos esta salida en la collada Arniciu (916 m.), con rumbo NE. , al llegar junto una caba\u00f1a refugio cogemos un camino que nos lleva al collado la Muezca. De la parte alta del collado sale un sendero que marcha en diagonal y ganando altura alcanza la cumbrera del cordal en el collado La Biesca, asom\u00e1ndonos al valle del Pedregal en la vertiente casina.<\/p>\n<p>Continua la andadura al NO. , por el cordal de Ponga, pasando sucesivamente por el alto la Biseca, las pe\u00f1as del Covall\u00f3n, la Colladiella, divisoria de los concejos de Caso y Pilo\u00f1a; remonta por la izquierda del Orru Faceu y finalmente culminar en la arista que conduce a la cima del Faceu (1232 m.), excelente mirador sobre los montes de Caso y Pilo\u00f1a.<\/p>\n<p>Desde el Faceu descendemos al N., a una planicie donde enlazamos con la senda que recorre el cordal, desciende por les Fontiques y nos conduce a la collada Llamosa junto a las camperas del Sell\u00f3n, donde hay ruinas de una antigua ermita.<\/p>\n<p>Desde el Sell\u00f3n, el legendario camin Real de Caso a Infiesto, prosigue al N. Unos metros por debajo de la linea cumbrera, casi siempre por la vertiente occidental que tiene modestas cimas como: La Cabeza, Pe\u00f1a Cifuentes y el Cerru Roblosa, luego sigue un prolongado descenso hasta el collau Pandoles. Baja despu\u00e9s por la derecha de la mayada Pandoles, los invernales del Cabezu y la encrucijada de Sierra.<\/p>\n<p>El camin Real continua pasando por las aldeas de Lozana y San Vicente hasta llegar a Infiesto donde finalizamos esta salida.<\/p>\n<p><img decoding=\"async\" src=\"http:\/\/www.lacuruxa.org\/2002\/fotos_mapas\/mapa03.jpg\" alt=\"mapa\" width=\"550\" \/><\/p>\n","protected":false},"excerpt":{"rendered":"<p>Comenzamos esta salida en la collada Arniciu (916 m.), con rumbo NE. , al llegar junto una caba\u00f1a refugio cogemos un camino que nos lleva al collado la Muezca. De la parte alta del collado sale un sendero que marcha en diagonal y ganando altura alcanza la cumbrera del cordal en el collado La Biesca, [&hellip;]<\/p>\n","protected":false},"author":40,"featured_media":0,"comment_status":"open","ping_status":"open","sticky":false,"template":"","format":"standard","meta":{"ngg_post_thumbnail":0,"footnotes":""},"categories":[20,2,28,21,29,13],"tags":[],"class_list":{"0":"post-23","1":"post","2":"type-post","3":"status-publish","4":"format-standard","6":"category-20","7":"category-anos","8":"category-caso","9":"category-concejos","10":"category-pilona","11":"category-travesia","12":"czr-hentry"},"_links":{"self":[{"href":"https:\/\/lacuruxa.org\/index.php\/wp-json\/wp\/v2\/posts\/23","targetHints":{"allow":["GET"]}}],"collection":[{"href":"https:\/\/lacuruxa.org\/index.php\/wp-json\/wp\/v2\/posts"}],"about":[{"href":"https:\/\/lacuruxa.org\/index.php\/wp-json\/wp\/v2\/types\/post"}],"author":[{"embeddable":true,"href":"https:\/\/lacuruxa.org\/index.php\/wp-json\/wp\/v2\/users\/40"}],"replies":[{"embeddable":true,"href":"https:\/\/lacuruxa.org\/index.php\/wp-json\/wp\/v2\/comments?post=23"}],"version-history":[{"count":0,"href":"https:\/\/lacuruxa.org\/index.php\/wp-json\/wp\/v2\/posts\/23\/revisions"}],"wp:attachment":[{"href":"https:\/\/lacuruxa.org\/index.php\/wp-json\/wp\/v2\/media?parent=23"}],"wp:term":[{"taxonomy":"category","embeddable":true,"href":"https:\/\/lacuruxa.org\/index.php\/wp-json\/wp\/v2\/categories?post=23"},{"taxonomy":"post_tag","embeddable":true,"href":"https:\/\/lacuruxa.org\/index.php\/wp-json\/wp\/v2\/tags?post=23"}],"curies":[{"name":"wp","href":"https:\/\/api.w.org\/{rel}","templated":true}]}}