{"id":204,"date":"2008-10-18T06:00:11","date_gmt":"2007-10-19T06:00:11","guid":{"rendered":"http:\/\/www.lacuruxa.org\/index.php\/2008\/10\/18\/pico-abedular\/"},"modified":"2021-01-09T20:50:34","modified_gmt":"2021-01-09T19:50:34","slug":"pico-abedular","status":"publish","type":"post","link":"https:\/\/lacuruxa.org\/index.php\/2008\/10\/18\/pico-abedular\/","title":{"rendered":"Pico Abedular"},"content":{"rendered":"\n<p>Partimos del Puerto de Tarna ( 1490 m.) tomando un sendero con direcci\u00f3n NE. que va ganando altura sobre el cordal que divide las vertientes asturiana y leonesa hasta alcanzar un collado situado entre las cumbres del pico Abedular y el pico La Cerra; con un giro hacia la izquierda, en poco tiempo llegamos a la cima del pico Abedular ( 1813 m.) .<\/p>\n\n\n\n<p>Desde su atalaya se domina una amplia panor\u00e1mica como: el Maci\u00e9dome, Tiatordos, La Carasca, Becerrea de San Pedro, Collau Zorro, T\u00e9n, Pile\u00f1es, Remelende, Sierra del Mampodre, Montoviu, etc. Continuamos hacia el N. descendiendo hasta la collada la Forcada que vierte aguas hacia el valle y pueblo de Tarna por el O. y hacia Ventaniella por el E.<\/p>\n\n\n\n<p>Seguimos descendiendo bordeando la parte alta del bosque de la Salguerosa para pasar por la majada la Bolera, situada en un claro del bosque, despu\u00e9s encontramos una fuente, las Campas; caminamos pr\u00e1cticamente entre hayedos hasta llegar a la collada del Pareu. De nuevo entramos en otra zona de bosque, que recorremos hasta llegar a la Vega de Abajo, una hermosa prader\u00eda con diversas caba\u00f1as en buen estado.<\/p>\n\n\n\n<p>Desde aqu\u00ed una pista, que atraviesa una zona boscosa que va siguiendo el curso del arroyo Corral\u00edn durante un buen trecho, nos lleva hasta el pueblo de Pendones ( 782 m.) , donde finalizamos esta salida. En los bosques que vamos encontrando en nuestro recorrido abundan las hayas, tejos, abedules, acebos y servales, donde se refugian especies de nuestra fauna, como venados, rebecos, corzos, zorros, urogallos, must\u00e9lidos, etc.<\/p>\n\n\n\n<p><strong>Mapa de la ruta<\/strong><\/p>\n\n\n\n<figure class=\"wp-block-image size-large is-resized\"><img loading=\"lazy\" decoding=\"async\" src=\"https:\/\/lacuruxa.org\/wp-content\/uploads\/2021\/01\/21-pico-abedular_2193652414_o.jpg\" alt=\"lacuruxa lacuruxa.org rutas mapas monta\u00f1a 2008\" width=\"504\" height=\"771\"\/><\/figure>\n","protected":false},"excerpt":{"rendered":"<p>Partimos del Puerto de Tarna ( 1490 m.) tomando un sendero con direcci\u00f3n NE. que va ganando altura sobre el cordal que divide las vertientes asturiana y leonesa hasta alcanzar un collado situado entre las cumbres del pico Abedular y el pico La Cerra; con un giro hacia la izquierda, en poco tiempo llegamos a [&hellip;]<\/p>\n","protected":false},"author":40,"featured_media":0,"comment_status":"open","ping_status":"open","sticky":false,"template":"","format":"standard","meta":{"ngg_post_thumbnail":0,"footnotes":""},"categories":[86,28,34,41,13],"tags":[],"class_list":{"0":"post-204","1":"post","2":"type-post","3":"status-publish","4":"format-standard","6":"category-86","7":"category-caso","8":"category-castilla-y-leon","9":"category-ponga","10":"category-travesia","11":"czr-hentry"},"_links":{"self":[{"href":"https:\/\/lacuruxa.org\/index.php\/wp-json\/wp\/v2\/posts\/204","targetHints":{"allow":["GET"]}}],"collection":[{"href":"https:\/\/lacuruxa.org\/index.php\/wp-json\/wp\/v2\/posts"}],"about":[{"href":"https:\/\/lacuruxa.org\/index.php\/wp-json\/wp\/v2\/types\/post"}],"author":[{"embeddable":true,"href":"https:\/\/lacuruxa.org\/index.php\/wp-json\/wp\/v2\/users\/40"}],"replies":[{"embeddable":true,"href":"https:\/\/lacuruxa.org\/index.php\/wp-json\/wp\/v2\/comments?post=204"}],"version-history":[{"count":1,"href":"https:\/\/lacuruxa.org\/index.php\/wp-json\/wp\/v2\/posts\/204\/revisions"}],"predecessor-version":[{"id":7241,"href":"https:\/\/lacuruxa.org\/index.php\/wp-json\/wp\/v2\/posts\/204\/revisions\/7241"}],"wp:attachment":[{"href":"https:\/\/lacuruxa.org\/index.php\/wp-json\/wp\/v2\/media?parent=204"}],"wp:term":[{"taxonomy":"category","embeddable":true,"href":"https:\/\/lacuruxa.org\/index.php\/wp-json\/wp\/v2\/categories?post=204"},{"taxonomy":"post_tag","embeddable":true,"href":"https:\/\/lacuruxa.org\/index.php\/wp-json\/wp\/v2\/tags?post=204"}],"curies":[{"name":"wp","href":"https:\/\/api.w.org\/{rel}","templated":true}]}}