{"id":199,"date":"2008-07-19T06:30:53","date_gmt":"2007-07-20T06:30:53","guid":{"rendered":"http:\/\/www.lacuruxa.org\/index.php\/2008\/07\/19\/pico-gilgar\/"},"modified":"2021-01-09T20:46:19","modified_gmt":"2021-01-09T19:46:19","slug":"pico-gilgar","status":"publish","type":"post","link":"https:\/\/lacuruxa.org\/index.php\/2008\/07\/19\/pico-gilgar\/","title":{"rendered":"Pico Gildar"},"content":{"rendered":"\n<p>Comenzamos esta salida en el puerto de Panderrueda ( 1450 m.) , por una pista forestal que discurre hacia el S., se interna en un bosque de hayas y nos acerca a las estribaciones de la loma de Pozaperro; remontamos por toda la cumbrera hasta la collada de Sotres. Tras pasar la collada se asciende al alto de los Hoyos ( 1865 m.) y a la Horcada de Fra\u00f1ana ( 1810 m.) . Se va ganando altura bordeando el puerto de Fra\u00f1ana hasta alcanzar la cima del pico Cebolleda ( 2050 m.) , considerado como la antesala del Gildar. Desde aqu\u00ed, siguiendo por toda la cresta, en poco tiempo llegamos al pico Gildar ( 2078 m.) .<\/p>\n\n\n\n<p>La panor\u00e1mica desde la cumbre es muy hermosa, destacando por el N. el puerto y valle del Cable, el valle de Valde\u00f3n con los Picos de Europa, por el S. tenemos el valle de Cosgaya, por el O. tenemos el puerto del Pont\u00f3n y por el E. el puerto de Pandetrave. Desde la cumbre seguimos nuestro camino hacia el E., por toda la cumbrera hasta llegar a las Verdes del Cable, que bordeamos por la vertiente sur y es un terreno m\u00e1s c\u00f3modo para caminar. Un poco m\u00e1s adelante alcanzamos el collado La Cerra de Molt\u00f3 para seguir despu\u00e9s hacia la collada de Piedras Blancas, paso obligado entre los valles de Valcarque y Molt\u00f3.<\/p>\n\n\n\n<p>Continuamos por un terreno con pocos resaltes y muy c\u00f3modo que nos acerca a las estribaciones de la Pe\u00f1a Gabanceda ( 2036 m.) , cuya cima alcanzamos en poco tiempo. Por \u00faltimo nos queda descender hacia el puerto de Pandetrave ( 1562 m.) , donde finalizamos esta salida.<\/p>\n\n\n\n<p><strong>Mapa de la ruta<\/strong><\/p>\n\n\n\n<figure class=\"wp-block-image size-large is-resized\"><img loading=\"lazy\" decoding=\"async\" src=\"https:\/\/lacuruxa.org\/wp-content\/uploads\/2021\/01\/16-pico-gildar_2193642880_o.jpg\" alt=\"lacuruxa lacuruxa.org rutas mapas monta\u00f1a 2008\" width=\"770\" height=\"505\"\/><\/figure>\n","protected":false},"excerpt":{"rendered":"<p>Comenzamos esta salida en el puerto de Panderrueda ( 1450 m.) , por una pista forestal que discurre hacia el S., se interna en un bosque de hayas y nos acerca a las estribaciones de la loma de Pozaperro; remontamos por toda la cumbrera hasta la collada de Sotres. Tras pasar la collada se asciende [&hellip;]<\/p>\n","protected":false},"author":40,"featured_media":0,"comment_status":"open","ping_status":"open","sticky":false,"template":"","format":"standard","meta":{"ngg_post_thumbnail":0,"footnotes":""},"categories":[86,34,13],"tags":[],"class_list":{"0":"post-199","1":"post","2":"type-post","3":"status-publish","4":"format-standard","6":"category-86","7":"category-castilla-y-leon","8":"category-travesia","9":"czr-hentry"},"_links":{"self":[{"href":"https:\/\/lacuruxa.org\/index.php\/wp-json\/wp\/v2\/posts\/199","targetHints":{"allow":["GET"]}}],"collection":[{"href":"https:\/\/lacuruxa.org\/index.php\/wp-json\/wp\/v2\/posts"}],"about":[{"href":"https:\/\/lacuruxa.org\/index.php\/wp-json\/wp\/v2\/types\/post"}],"author":[{"embeddable":true,"href":"https:\/\/lacuruxa.org\/index.php\/wp-json\/wp\/v2\/users\/40"}],"replies":[{"embeddable":true,"href":"https:\/\/lacuruxa.org\/index.php\/wp-json\/wp\/v2\/comments?post=199"}],"version-history":[{"count":1,"href":"https:\/\/lacuruxa.org\/index.php\/wp-json\/wp\/v2\/posts\/199\/revisions"}],"predecessor-version":[{"id":7236,"href":"https:\/\/lacuruxa.org\/index.php\/wp-json\/wp\/v2\/posts\/199\/revisions\/7236"}],"wp:attachment":[{"href":"https:\/\/lacuruxa.org\/index.php\/wp-json\/wp\/v2\/media?parent=199"}],"wp:term":[{"taxonomy":"category","embeddable":true,"href":"https:\/\/lacuruxa.org\/index.php\/wp-json\/wp\/v2\/categories?post=199"},{"taxonomy":"post_tag","embeddable":true,"href":"https:\/\/lacuruxa.org\/index.php\/wp-json\/wp\/v2\/tags?post=199"}],"curies":[{"name":"wp","href":"https:\/\/api.w.org\/{rel}","templated":true}]}}