{"id":195,"date":"2008-06-07T06:00:53","date_gmt":"2007-06-08T06:00:53","guid":{"rendered":"http:\/\/www.lacuruxa.org\/index.php\/2008\/06\/07\/pico-la-carasca\/"},"modified":"2021-01-09T20:43:48","modified_gmt":"2021-01-09T19:43:48","slug":"pico-la-carasca","status":"publish","type":"post","link":"https:\/\/lacuruxa.org\/index.php\/2008\/06\/07\/pico-la-carasca\/","title":{"rendered":"Pico La Carasca"},"content":{"rendered":"\n<p>Salimos de Orl\u00e9 ( 670 m) , aldea del concejo de Caso, por un camino carretero que se dirige hacia el E., por el valle del r\u00edo Orl\u00e9. El paisaje es hermoso por los recodos del camino, el medio bosque y el rumor del agua; pasamos varias veces a una y otra orilla del r\u00edo. El valle discurre encajonado, el r\u00edo se hace m\u00e1s profundo, pronto aparece la majada Acebal y un poco m\u00e1s adelante la de Conforcos.<\/p>\n\n\n\n<p>Por la izquierda tomamos un camino que sube al N., atraviesa un arroyo y dando un rodeo hacia el SE. llega al collado de Melorda\u00f1a y poco despu\u00e9s a la majada del mismo nombre. Desde Conforcos, si continuamos hacia el SE., aparece por la izquierda una torrentera, que si no trae agua se puede atravesar y subir a la majada de Melorda\u00f1a por una de las foces m\u00e1s hermosas de esta monta\u00f1a, La Foz de Melorda\u00f1a.<\/p>\n\n\n\n<p>Ya en la majada el sendero va hacia el E., se mete en otra foz, la de Valloseru, y sube cruzando el bosque por la izquierda del arroyo llegando a las derruidas caba\u00f1as de la majada de Valloseru. Seguimos al S., campera arriba hasta alcanzar el collado Campig\u00fce\u00f1os, junto a las derruidas caba\u00f1as de la antigua majada. Con un giro al SO. remontamos la cumbre de la Carasca ( 1741 m.) , magn\u00edfico mirador del Cordal y de la Cordillera.<\/p>\n\n\n\n<p>Desde la cima bajamos hacia el collado Campig\u00fce\u00f1os para rodear los riscos de la Pe\u00f1a por su falda oriental hasta llegar al collado los Ladrones, donde enlazamos con una senda que atraviesa el escobal al O. y nos lleva a la collada Capiella. Seguimos al S., a la izquierda de unas pe\u00f1as sale un camino que baja atravesando las camperas hasta la majada el Xuacu, asentada en un rellano con las caba\u00f1as al abrigo de las rocas. Aqu\u00ed el camino se bifurca, seguimos el ramal descendiente de la derecha, que se mete en el bosque y vuelve a bifurcarse un poco despu\u00e9s en la Colladina, donde hay una caba\u00f1a. Por la izquierda se pasa al valle contiguo, bajando al SE. por los invernales de la Quemada, llegando al pueblo de Pendones ( 782 m.) , donde finalizamos esta salida.<\/p>\n\n\n\n<p><strong>Mapa de la ruta<\/strong><\/p>\n\n\n\n<figure class=\"wp-block-image size-large is-resized\"><img loading=\"lazy\" decoding=\"async\" src=\"https:\/\/lacuruxa.org\/wp-content\/uploads\/2021\/01\/12-pico-la-carasca_2192845879_o.jpg\" alt=\"lacuruxa lacuruxa.org rutas mapas monta\u00f1a 2008\" width=\"778\" height=\"511\"\/><\/figure>\n","protected":false},"excerpt":{"rendered":"<p>Salimos de Orl\u00e9 ( 670 m) , aldea del concejo de Caso, por un camino carretero que se dirige hacia el E., por el valle del r\u00edo Orl\u00e9. El paisaje es hermoso por los recodos del camino, el medio bosque y el rumor del agua; pasamos varias veces a una y otra orilla del r\u00edo. [&hellip;]<\/p>\n","protected":false},"author":40,"featured_media":0,"comment_status":"open","ping_status":"open","sticky":false,"template":"","format":"standard","meta":{"ngg_post_thumbnail":0,"footnotes":""},"categories":[86,28,13],"tags":[],"class_list":{"0":"post-195","1":"post","2":"type-post","3":"status-publish","4":"format-standard","6":"category-86","7":"category-caso","8":"category-travesia","9":"czr-hentry"},"_links":{"self":[{"href":"https:\/\/lacuruxa.org\/index.php\/wp-json\/wp\/v2\/posts\/195","targetHints":{"allow":["GET"]}}],"collection":[{"href":"https:\/\/lacuruxa.org\/index.php\/wp-json\/wp\/v2\/posts"}],"about":[{"href":"https:\/\/lacuruxa.org\/index.php\/wp-json\/wp\/v2\/types\/post"}],"author":[{"embeddable":true,"href":"https:\/\/lacuruxa.org\/index.php\/wp-json\/wp\/v2\/users\/40"}],"replies":[{"embeddable":true,"href":"https:\/\/lacuruxa.org\/index.php\/wp-json\/wp\/v2\/comments?post=195"}],"version-history":[{"count":1,"href":"https:\/\/lacuruxa.org\/index.php\/wp-json\/wp\/v2\/posts\/195\/revisions"}],"predecessor-version":[{"id":7231,"href":"https:\/\/lacuruxa.org\/index.php\/wp-json\/wp\/v2\/posts\/195\/revisions\/7231"}],"wp:attachment":[{"href":"https:\/\/lacuruxa.org\/index.php\/wp-json\/wp\/v2\/media?parent=195"}],"wp:term":[{"taxonomy":"category","embeddable":true,"href":"https:\/\/lacuruxa.org\/index.php\/wp-json\/wp\/v2\/categories?post=195"},{"taxonomy":"post_tag","embeddable":true,"href":"https:\/\/lacuruxa.org\/index.php\/wp-json\/wp\/v2\/tags?post=195"}],"curies":[{"name":"wp","href":"https:\/\/api.w.org\/{rel}","templated":true}]}}