{"id":19,"date":"2002-01-13T06:00:03","date_gmt":"2002-01-13T05:00:03","guid":{"rendered":"http:\/\/www.lacuruxa.org\/weblog\/index.php\/2002\/01\/13\/llosoriu\/"},"modified":"2006-02-28T21:26:14","modified_gmt":"2006-02-28T20:26:14","slug":"llosoriu","status":"publish","type":"post","link":"https:\/\/lacuruxa.org\/index.php\/2002\/01\/13\/llosoriu\/","title":{"rendered":"Llosoriu"},"content":{"rendered":"<p><img decoding=\"async\" src=\"http:\/\/www.lacuruxa.org\/2002\/fotos_rutas\/imagen09.jpg\" alt=\"20020113\" \/><\/p>\n<p>Comenzamos esta ruta en el Alto de la Seg\u00e1, en la divisoria de Mieres &#8211; Lena por una pista de tierra que va faldeando el cordal de Cuba por su vertiente oriental que nos permite contemplar hermosos valles.<\/p>\n<p>Continuamos hacia el N., hasta situarnos en la Campa de T\u00edo Vicente; al termino de la pista comienza un sendero marcado con \u00abjitos\u00bb que trepa por la ladera hasta dejarnos en la cumbre del pico Llosoriu (1000 m.), desde su cima admiramos la belleza de los valles de R\u00edosa, Mieres y Morc\u00edn; La sierra del Aramo, los Picos de Europa y una parte de la Cordillera Cant\u00e1brica.<\/p>\n<p>Descendemos por la ladera, hasta situarnos en la pista que se alinea a la misma cimera del cordal de Gallegos y se dirige en sentido oriental, discurre por encima del caser\u00edo Mallada y Bra\u00f1uitu; m\u00e1s adelante la vista se recrea hacia los espacios verdes de la campa Ra\u00f1aoriu y Salgueru.<\/p>\n<p>Aqu\u00ed lo m\u00e1s conveniente es ascender al pico Rioles, que nos premiar\u00e1 con nuevas vistas de ambos valles. Tras vadear una collada nos presentamos en el pico Siana, que representa un mirador natural hacia el casco urbano de la ciudad de Mieres.<\/p>\n<p>Bajamos a les Llamarques, pradera situada en la parte alta de la carretera con tres caba\u00f1as, continuamos a la sombra de casta\u00f1os pasando por el caser\u00edo de Panizales y finalmente llegar al centro urbano de Mieres.<\/p>\n<p><img decoding=\"async\" src=\"http:\/\/www.lacuruxa.org\/2002\/fotos_mapas\/mapa09.jpg\" alt=\"Mapa\" width=\"550\"><\/p>\n","protected":false},"excerpt":{"rendered":"<p>Comenzamos esta ruta en el Alto de la Seg\u00e1, en la divisoria de Mieres &#8211; Lena por una pista de tierra que va faldeando el cordal de Cuba por su vertiente oriental que nos permite contemplar hermosos valles. Continuamos hacia el N., hasta situarnos en la Campa de T\u00edo Vicente; al termino de la pista [&hellip;]<\/p>\n","protected":false},"author":40,"featured_media":0,"comment_status":"open","ping_status":"open","sticky":false,"template":"","format":"standard","meta":{"ngg_post_thumbnail":0,"footnotes":""},"categories":[20,2,21,22,13],"tags":[],"class_list":{"0":"post-19","1":"post","2":"type-post","3":"status-publish","4":"format-standard","6":"category-20","7":"category-anos","8":"category-concejos","9":"category-mieres","10":"category-travesia","11":"czr-hentry"},"_links":{"self":[{"href":"https:\/\/lacuruxa.org\/index.php\/wp-json\/wp\/v2\/posts\/19","targetHints":{"allow":["GET"]}}],"collection":[{"href":"https:\/\/lacuruxa.org\/index.php\/wp-json\/wp\/v2\/posts"}],"about":[{"href":"https:\/\/lacuruxa.org\/index.php\/wp-json\/wp\/v2\/types\/post"}],"author":[{"embeddable":true,"href":"https:\/\/lacuruxa.org\/index.php\/wp-json\/wp\/v2\/users\/40"}],"replies":[{"embeddable":true,"href":"https:\/\/lacuruxa.org\/index.php\/wp-json\/wp\/v2\/comments?post=19"}],"version-history":[{"count":0,"href":"https:\/\/lacuruxa.org\/index.php\/wp-json\/wp\/v2\/posts\/19\/revisions"}],"wp:attachment":[{"href":"https:\/\/lacuruxa.org\/index.php\/wp-json\/wp\/v2\/media?parent=19"}],"wp:term":[{"taxonomy":"category","embeddable":true,"href":"https:\/\/lacuruxa.org\/index.php\/wp-json\/wp\/v2\/categories?post=19"},{"taxonomy":"post_tag","embeddable":true,"href":"https:\/\/lacuruxa.org\/index.php\/wp-json\/wp\/v2\/tags?post=19"}],"curies":[{"name":"wp","href":"https:\/\/api.w.org\/{rel}","templated":true}]}}