{"id":184,"date":"2008-01-27T06:00:00","date_gmt":"2007-12-28T06:00:00","guid":{"rendered":"http:\/\/www.lacuruxa.org\/index.php\/2008\/01\/27\/los-callejos-vega-del-puerto-corao\/"},"modified":"2021-01-09T20:17:57","modified_gmt":"2021-01-09T19:17:57","slug":"los-callejos-vega-del-puerto-corao","status":"publish","type":"post","link":"https:\/\/lacuruxa.org\/index.php\/2008\/01\/27\/los-callejos-vega-del-puerto-corao\/","title":{"rendered":"Cam\u00edn Real de Piedrafita"},"content":{"rendered":"\n<p>Iniciamos esta salida en el pueblo de los Callejos ( 100 m.) , a la entrada del valle de Ardisana, para recorrer un camino hist\u00f3rico por la calzada romana de Piedrafita, El Cam\u00edn del Oriente.<\/p>\n\n\n\n<p>Por la derecha de la iglesia caminamos hacia lo alto del pueblo, por senderos que atraviesan prader\u00edas, llegando a un collado que da paso a otras prader\u00edas que nos llevan a las Casinas. Aqu\u00ed sale una pista que sube a otro collado donde se encuentra un peque\u00f1o grupo de antiguas casas, llamado los Rabios, con una hermosa vista hacia Picos de Europa; inici\u00e1ndose un descenso hacia el pueblo de Riocaliente. Junto al puente sobre al r\u00edo Riensena, nuestra ruta gira a la derecha, se mete en un peque\u00f1o bosque, cruza un arroyo, vuelve a salir a terreno abierto y nos conduce a la aldea de Mestas; confluencia de los r\u00edos Riensena y Piedrafita.<\/p>\n\n\n\n<p>El sendero asciende ladera arriba para salir a la aldea de LLumedi\u00e1n, situada en el extremo m\u00e1s bajo de la Sierra de la Cubeta, descendemos a la otra vertiente por un camino que nos lleva a la aldea de Telledo por donde entramos en el antiguo Cam\u00edn Real de Piedrafita, que fue en el siglo XVIII uno de los itinerarios m\u00e1s transitados por ser paso obligado para los viajeros que realizaban la ruta de LLanesCangas de On\u00edsOviedo.<\/p>\n\n\n\n<p>Jovellanos hace referencia en su diario en 1790 de su paso por este camino y S\u00e1nchez Albornoz cuenta que esta calzada fue abierta en tiempos de los romanos y formaba parte de una importante arteria de comunicaciones hacia Cantabria. Desde Telledo entramos en el valle del r\u00edo Piedrafita por un camino que va cerrando la vista por las laderas de la Sierra de la Cubeta y los montes del Hibeo, m\u00e1s tarde toma rumbo S. por la calzada romana y asciende poco a poco hasta alcanzar el collado de la Vega del Puerto ( 494 m.) , l\u00edmite de los concejos de LLanes y Cangas de On\u00eds.<\/p>\n\n\n\n<p>Descendemos hacia el fondo del valle; continua la calzada pasando bajo la aldea de Cuerres para llegar a LLen\u00edn, con una vista extraordinaria hacia los macizos Central y Occidental, as\u00ed como las cumbres del Jascal y Cabezo Llerosos \u00f3 la Cruz de Priena. Seguidamente se llega a T\u00e1rano, despu\u00e9s a la aldea de Corao Castillo y por \u00faltimo al pueblo de Corao ( 93 m.) , donde se encuentra la casona donde vivi\u00f3 Roberto Frassinelli.<\/p>\n\n\n\n<p><strong>Mapa de la ruta<\/strong><\/p>\n\n\n\n<figure class=\"wp-block-image size-large is-resized\"><img loading=\"lazy\" decoding=\"async\" src=\"https:\/\/lacuruxa.org\/wp-content\/uploads\/2021\/01\/02-los-callejos_2192829109_o.jpg\" alt=\"lacuruxa lacuruxa.org rutas mapas monta\u00f1a 2008\" width=\"770\" height=\"505\"\/><\/figure>\n","protected":false},"excerpt":{"rendered":"<p>Iniciamos esta salida en el pueblo de los Callejos ( 100 m.) , a la entrada del valle de Ardisana, para recorrer un camino hist\u00f3rico por la calzada romana de Piedrafita, El Cam\u00edn del Oriente. Por la derecha de la iglesia caminamos hacia lo alto del pueblo, por senderos que atraviesan prader\u00edas, llegando a un [&hellip;]<\/p>\n","protected":false},"author":40,"featured_media":0,"comment_status":"open","ping_status":"open","sticky":false,"template":"","format":"standard","meta":{"ngg_post_thumbnail":0,"footnotes":""},"categories":[86,36,49,13],"tags":[],"class_list":{"0":"post-184","1":"post","2":"type-post","3":"status-publish","4":"format-standard","6":"category-86","7":"category-cangas-de-onis","8":"category-llanes","9":"category-travesia","10":"czr-hentry"},"_links":{"self":[{"href":"https:\/\/lacuruxa.org\/index.php\/wp-json\/wp\/v2\/posts\/184","targetHints":{"allow":["GET"]}}],"collection":[{"href":"https:\/\/lacuruxa.org\/index.php\/wp-json\/wp\/v2\/posts"}],"about":[{"href":"https:\/\/lacuruxa.org\/index.php\/wp-json\/wp\/v2\/types\/post"}],"author":[{"embeddable":true,"href":"https:\/\/lacuruxa.org\/index.php\/wp-json\/wp\/v2\/users\/40"}],"replies":[{"embeddable":true,"href":"https:\/\/lacuruxa.org\/index.php\/wp-json\/wp\/v2\/comments?post=184"}],"version-history":[{"count":3,"href":"https:\/\/lacuruxa.org\/index.php\/wp-json\/wp\/v2\/posts\/184\/revisions"}],"predecessor-version":[{"id":7218,"href":"https:\/\/lacuruxa.org\/index.php\/wp-json\/wp\/v2\/posts\/184\/revisions\/7218"}],"wp:attachment":[{"href":"https:\/\/lacuruxa.org\/index.php\/wp-json\/wp\/v2\/media?parent=184"}],"wp:term":[{"taxonomy":"category","embeddable":true,"href":"https:\/\/lacuruxa.org\/index.php\/wp-json\/wp\/v2\/categories?post=184"},{"taxonomy":"post_tag","embeddable":true,"href":"https:\/\/lacuruxa.org\/index.php\/wp-json\/wp\/v2\/tags?post=184"}],"curies":[{"name":"wp","href":"https:\/\/api.w.org\/{rel}","templated":true}]}}