{"id":153,"date":"2007-03-10T06:00:16","date_gmt":"2007-02-17T10:00:16","guid":{"rendered":"http:\/\/www.lacuruxa.org\/index.php\/2007\/03\/10\/coto-la-pola-collada-ceos-collada-cuartos-entrepenes\/"},"modified":"2021-01-09T21:18:53","modified_gmt":"2021-01-09T20:18:53","slug":"coto-la-pola-collada-ceos-collada-cuartos-entrepenes","status":"publish","type":"post","link":"https:\/\/lacuruxa.org\/index.php\/2007\/03\/10\/coto-la-pola-collada-ceos-collada-cuartos-entrepenes\/","title":{"rendered":"Coto La Pola &#8211; Collada Ceos &#8211; Collada Cuartos &#8211; Entrepe\u00f1es"},"content":{"rendered":"\n<p>La combinada orograf\u00eda del Pico el Cuchu envuelve su pedregosa naturaleza, que se extiende hacia los valles de Llanos, San Juli\u00e1n y el Coto la Pola. El exuberante paisaje est\u00e1 salpicado de prader\u00edas jalonadas con r\u00fasticas caba\u00f1as pastoriles, dando un rico patrimonio natural a este rinc\u00f3n allerano.<br>La Pola del Pino es uno de los p\u00f3rticos de entrada a este territorio. Desde la ermita de la Concepci\u00f3n tomamos el camino tradicional del Coto por la margen derecha del valle hasta alcanzar el lugar conocido como Misiegos. Sobrepasamos esta majada avanzando a lo largo del estrecho valle hasta alcanzar el Pico Praera. M\u00e1s adelante, el valle se abre dando paso a las camperas de Praos del Monte, seguidamente nos internamos en el coraz\u00f3n del valle por la Majada Llana del Cuadru.<\/p>\n\n\n\n<p>Superado este emplazamiento compuesto de caba\u00f1as y prader\u00edas, el sendero continua hasta culminar en la Majada de Les Llampes, seguidamente enlazamos con una pista que nos conduce hacia la Coch\u00e1 Ceos, abierta escotadura donde asomamos a los paisajes del vecino Valle de Llanos.<br>Proseguimos con suave descenso, bordeando los declives meridionales del Pico Cuchu, hasta alcanzar el Collado Rueses. Desde este lugar, encrucijada de caminos, nos internamos por la cabecera del Valle de San Juli\u00e1n en direcci\u00f3n a la Collada Cotrisqueo. Desde aqu\u00ed pasamos a la vertiente de Llanos, faldeando la ladera meridional del Pico Salenques hasta llegar a la Collada de Cuartos, que nos conduce de nuevo al Valle de San Juli\u00e1n. Comienza aqu\u00ed el descenso hacia el fondo de este valle, recorriendo las Majadas de la Roble, les Eres, Maya\u00edn, Traspando, la Voza, Ocheyu y Valdelende.<\/p>\n\n\n\n<p>Cruzamos el arroyo de San Juli\u00e1n, tras el cual se localiza la ermita del mismo nombre. Seguimos paralelamente el curso del r\u00edo, jalonado en este tramo por tres molinos. Atravesamos el gran tajo de la Foz de Entrepe\u00f1es para poner punto final a esta salida.<\/p>\n\n\n\n<p><strong>Mapa de la ruta<\/strong><\/p>\n\n\n\n<figure class=\"wp-block-image size-large is-resized\"><img loading=\"lazy\" decoding=\"async\" src=\"https:\/\/lacuruxa.org\/wp-content\/uploads\/2021\/01\/lacuruxaorg-mapas-2007-05.jpg\" alt=\"lacuruxa.org asturias rutas 2007 aller\" width=\"393\" height=\"600\"\/><\/figure>\n","protected":false},"excerpt":{"rendered":"<p>La combinada orograf\u00eda del Pico el Cuchu envuelve su pedregosa naturaleza, que se extiende hacia los valles de Llanos, San Juli\u00e1n y el Coto la Pola. El exuberante paisaje est\u00e1 salpicado de prader\u00edas jalonadas con r\u00fasticas caba\u00f1as pastoriles, dando un rico patrimonio natural a este rinc\u00f3n allerano.La Pola del Pino es uno de los p\u00f3rticos [&hellip;]<\/p>\n","protected":false},"author":40,"featured_media":0,"comment_status":"open","ping_status":"open","sticky":false,"template":"","format":"standard","meta":{"ngg_post_thumbnail":0,"footnotes":""},"categories":[83,35,13],"tags":[],"class_list":{"0":"post-153","1":"post","2":"type-post","3":"status-publish","4":"format-standard","6":"category-83","7":"category-aller","8":"category-travesia","9":"czr-hentry"},"_links":{"self":[{"href":"https:\/\/lacuruxa.org\/index.php\/wp-json\/wp\/v2\/posts\/153","targetHints":{"allow":["GET"]}}],"collection":[{"href":"https:\/\/lacuruxa.org\/index.php\/wp-json\/wp\/v2\/posts"}],"about":[{"href":"https:\/\/lacuruxa.org\/index.php\/wp-json\/wp\/v2\/types\/post"}],"author":[{"embeddable":true,"href":"https:\/\/lacuruxa.org\/index.php\/wp-json\/wp\/v2\/users\/40"}],"replies":[{"embeddable":true,"href":"https:\/\/lacuruxa.org\/index.php\/wp-json\/wp\/v2\/comments?post=153"}],"version-history":[{"count":1,"href":"https:\/\/lacuruxa.org\/index.php\/wp-json\/wp\/v2\/posts\/153\/revisions"}],"predecessor-version":[{"id":7276,"href":"https:\/\/lacuruxa.org\/index.php\/wp-json\/wp\/v2\/posts\/153\/revisions\/7276"}],"wp:attachment":[{"href":"https:\/\/lacuruxa.org\/index.php\/wp-json\/wp\/v2\/media?parent=153"}],"wp:term":[{"taxonomy":"category","embeddable":true,"href":"https:\/\/lacuruxa.org\/index.php\/wp-json\/wp\/v2\/categories?post=153"},{"taxonomy":"post_tag","embeddable":true,"href":"https:\/\/lacuruxa.org\/index.php\/wp-json\/wp\/v2\/tags?post=153"}],"curies":[{"name":"wp","href":"https:\/\/api.w.org\/{rel}","templated":true}]}}