{"id":1454,"date":"2014-07-12T09:00:04","date_gmt":"2014-07-12T07:00:04","guid":{"rendered":"http:\/\/www.lacuruxa.org\/?p=1454"},"modified":"2021-01-09T19:45:47","modified_gmt":"2021-01-09T18:45:47","slug":"lago-la-ercina-vega-de-ario-p-jultayu-lago-la-ercina","status":"publish","type":"post","link":"https:\/\/lacuruxa.org\/index.php\/2014\/07\/12\/lago-la-ercina-vega-de-ario-p-jultayu-lago-la-ercina\/","title":{"rendered":"Lago La Ercina &#8212; Vega De Ario &#8212; P. Jultayu &#8212; Lago La Ercina"},"content":{"rendered":"\n<p>Desde el lago La Ercina, situado a 1108 m. de altitud, bordeando el pico Ll\u00facia, tomamos una senda en direcci\u00f3n SE. pasando por las mayadas La Veguina, La Cuenye y Las Bobias, en la que hay una estupenda fuente. Sigue el camino por el roquedo hasta la vega Llanguiellu para acometer los fuertes repechos de Las Reblagas; vamos ganando altura por Las Campizas y Las Abedulas hasta llegar al collado El Jitu, a 1590 m. de altura.<\/p>\n\n\n\n<p>En El Jitu hay una tabla de orientaci\u00f3n con las principales cumbres que se alzan ante nuestros ojos. Una magn\u00edfica panor\u00e1mica del Macizo Central, separado de nosotros por la garganta del Cares, sobresaliendo la cumbre m\u00e1s alta de nuestra regi\u00f3n, Torrecerredo, con sus 2648 m. de altura. Tomamos direcci\u00f3n E. y por un marcado sendero llegamos a la Vega de Ario, amplia y verde vega levantada entre un circo de cumbres con abismos que caen sobre profundas depresiones.<\/p>\n\n\n\n<p>Si deseamos ascender al Jultayu tomamos una senda que parte hacia el S. contra la canal de Trea hasta La Valleya, bordeando los jous de La Cistra y Las Paredes hasta ganar el Llan\u00f3n, desde el que comienza una fuerte subida hasta alcanzar la cumbre de 1935 m. de altura. Espl\u00e9ndido balc\u00f3n para contemplar la grandiosidad del Macizo Central de Picos de Europa, as\u00ed como los abismos que se forman sobre la canal de Mesones, el r\u00edo Cares o el pueblo de Ca\u00edn. El regreso de esta salida lo hacemos desde la Vega de Ario hacia el Lago de la Ercina.<\/p>\n\n\n\n<h2 class=\"wp-block-heading\">Mapa de la ruta<\/h2>\n\n\n\n<figure class=\"wp-block-image size-large is-resized\"><img loading=\"lazy\" decoding=\"async\" src=\"https:\/\/lacuruxa.org\/wp-content\/uploads\/2021\/01\/2014-lacuruxa-mapa-14_11251533396_o.jpg\" alt=\"2014-lacuruxa-mapa-14\" width=\"786\" height=\"843\"\/><\/figure>\n","protected":false},"excerpt":{"rendered":"<p>Desde el lago La Ercina, situado a 1108 m. de altitud, bordeando el pico Ll\u00facia, tomamos una senda en direcci\u00f3n SE. pasando por las mayadas La Veguina, La Cuenye y Las Bobias, en la que hay una estupenda fuente. Sigue el camino por el roquedo hasta la vega Llanguiellu para acometer los fuertes repechos de [&hellip;]<\/p>\n","protected":false},"author":40,"featured_media":0,"comment_status":"open","ping_status":"open","sticky":false,"template":"","format":"standard","meta":{"ngg_post_thumbnail":0,"footnotes":""},"categories":[463,36,11,60],"tags":[633,542,531,322,559,236],"class_list":{"0":"post-1454","1":"post","2":"type-post","3":"status-publish","4":"format-standard","6":"category-463","7":"category-cangas-de-onis","8":"category-ida-y-vuelta","9":"category-onis","10":"tag-633","11":"tag-cangas-de-onis","12":"tag-ida-y-vuelta","13":"tag-lacuruxa","14":"tag-onis","15":"tag-rutas","16":"czr-hentry"},"_links":{"self":[{"href":"https:\/\/lacuruxa.org\/index.php\/wp-json\/wp\/v2\/posts\/1454","targetHints":{"allow":["GET"]}}],"collection":[{"href":"https:\/\/lacuruxa.org\/index.php\/wp-json\/wp\/v2\/posts"}],"about":[{"href":"https:\/\/lacuruxa.org\/index.php\/wp-json\/wp\/v2\/types\/post"}],"author":[{"embeddable":true,"href":"https:\/\/lacuruxa.org\/index.php\/wp-json\/wp\/v2\/users\/40"}],"replies":[{"embeddable":true,"href":"https:\/\/lacuruxa.org\/index.php\/wp-json\/wp\/v2\/comments?post=1454"}],"version-history":[{"count":3,"href":"https:\/\/lacuruxa.org\/index.php\/wp-json\/wp\/v2\/posts\/1454\/revisions"}],"predecessor-version":[{"id":7142,"href":"https:\/\/lacuruxa.org\/index.php\/wp-json\/wp\/v2\/posts\/1454\/revisions\/7142"}],"wp:attachment":[{"href":"https:\/\/lacuruxa.org\/index.php\/wp-json\/wp\/v2\/media?parent=1454"}],"wp:term":[{"taxonomy":"category","embeddable":true,"href":"https:\/\/lacuruxa.org\/index.php\/wp-json\/wp\/v2\/categories?post=1454"},{"taxonomy":"post_tag","embeddable":true,"href":"https:\/\/lacuruxa.org\/index.php\/wp-json\/wp\/v2\/tags?post=1454"}],"curies":[{"name":"wp","href":"https:\/\/api.w.org\/{rel}","templated":true}]}}