{"id":1448,"date":"2014-05-31T09:00:33","date_gmt":"2014-05-31T07:00:33","guid":{"rendered":"http:\/\/www.lacuruxa.org\/?p=1448"},"modified":"2021-01-09T19:44:23","modified_gmt":"2021-01-09T18:44:23","slug":"poncebos-bulnes-pandebano-sotres","status":"publish","type":"post","link":"https:\/\/lacuruxa.org\/index.php\/2014\/05\/31\/poncebos-bulnes-pandebano-sotres\/","title":{"rendered":"Poncebos &#8212; Bulnes &#8212; Pand\u00e9bano &#8212; Sotres"},"content":{"rendered":"\n<p>Comenzamos esta salida en Poncebos, caminando un poco por la carretera paralelos al r\u00edo Cares, aguas arriba. A la izquierda podemos ver la entrada a la foz del Texu, claramente identificada por la caba\u00f1a que hay en su comienzo y desde donde arranca el ancestral camino que sube a Bulnes.<\/p>\n\n\n\n<p>Primero descendemos por un sendero que nos conduce al puente La Jaya, que nos permite atravesar el r\u00edo Cares. Luego el camino nos introduce en la canal del Texu; un poco m\u00e1s adelante cruzamos la riega del Texu por el puente del Zardu para acometer un tramo de continua subida por los tornos que describe el camino, que nos hace tomar altura sobre el fondo de la garganta; llegando al Cueto Colines, donde un ligero descenso nos lleva de nuevo a la altura del r\u00edo.<\/p>\n\n\n\n<p>Seguimos ascendiendo por una sucesi\u00f3n de tornos con tramos armados llegando al Pasadoiro; descendemos ligeramente y atravesamos las riegas del Texu, que bajan casi verticales hacia las entra\u00f1as de la Foz; las paredes que oprimen el r\u00edo se abren, llegamos a Colines; entramos en una zona de muros y cercados, damos vista al angosto valle donde se asienta el pueblo de Bulnes (650 m.), formado por dos barrios: la Villa y el Castillo. Enclavado en pleno Macizo Central de Picos de Europa, en una profunda hondonada rodeada de enormes paredes calizas: Pe\u00f1a Ma\u00edn, el Murall\u00f3n de Amuesa y las Cuestas del Trave.<\/p>\n\n\n\n<p>Seguimos ascendiendo por la margen derecha de la riega por un marcado camino que discurre a la sombra del arbolado y que salva en sucesivos tornos el duro ascenso que nos va a llevar al collado Pand\u00e9bano; con hermosas vistas sobre Los Urrieles y el Pico Urriellu. Descendemos por un sendero muy marcado al encuentro con la pista por la que continuamos, pasamos la majada La Roble, un poco m\u00e1s abajo damos vista al valle del Duje, con los invernales del Texu o de Cabao; por donde cruzamos el r\u00edo Duje. Ya s\u00f3lo nos queda ascender un poco hacia la curvona de Sotres, donde finalizamos esta salida.<\/p>\n\n\n\n<h2 class=\"wp-block-heading\">Mapa de la ruta<\/h2>\n\n\n\n<figure class=\"wp-block-image size-large is-resized\"><img loading=\"lazy\" decoding=\"async\" src=\"https:\/\/lacuruxa.org\/wp-content\/uploads\/2021\/01\/2014-lacuruxa-mapa-11_11251579963_o.jpg\" alt=\"2014-lacuruxa-mapa-11\" width=\"843\" height=\"768\"\/><\/figure>\n\n\n\n<h2 class=\"wp-block-heading\">Im\u00e1genes de la ruta<\/h2>\n\n\n\n<p>El club Trasgu Anday\u00f3n nos env\u00eda fotograf\u00edas de la ruta. Pueden verse en <a title=\"trasgu andayon\" href=\"https:\/\/onedrive.live.com\/?cid=3a6ea663ef6478d1&amp;id=3A6EA663EF6478D1!11009&amp;Bsrc=Share&amp;Bpub=SDX.SkyDrive&amp;sc=Photos&amp;authkey=!Ar-h-vX_CrXISL4\" target=\"_blank\" rel=\"noopener\">aqu\u00ed<\/a>.<\/p>\n","protected":false},"excerpt":{"rendered":"<p>Comenzamos esta salida en Poncebos, caminando un poco por la carretera paralelos al r\u00edo Cares, aguas arriba. A la izquierda podemos ver la entrada a la foz del Texu, claramente identificada por la caba\u00f1a que hay en su comienzo y desde donde arranca el ancestral camino que sube a Bulnes. Primero descendemos por un sendero [&hellip;]<\/p>\n","protected":false},"author":40,"featured_media":0,"comment_status":"open","ping_status":"open","sticky":false,"template":"","format":"standard","meta":{"ngg_post_thumbnail":0,"footnotes":""},"categories":[463,37,13],"tags":[633,543,322,236,532],"class_list":{"0":"post-1448","1":"post","2":"type-post","3":"status-publish","4":"format-standard","6":"category-463","7":"category-cabrales","8":"category-travesia","9":"tag-633","10":"tag-cabrales","11":"tag-lacuruxa","12":"tag-rutas","13":"tag-travesia","14":"czr-hentry"},"_links":{"self":[{"href":"https:\/\/lacuruxa.org\/index.php\/wp-json\/wp\/v2\/posts\/1448","targetHints":{"allow":["GET"]}}],"collection":[{"href":"https:\/\/lacuruxa.org\/index.php\/wp-json\/wp\/v2\/posts"}],"about":[{"href":"https:\/\/lacuruxa.org\/index.php\/wp-json\/wp\/v2\/types\/post"}],"author":[{"embeddable":true,"href":"https:\/\/lacuruxa.org\/index.php\/wp-json\/wp\/v2\/users\/40"}],"replies":[{"embeddable":true,"href":"https:\/\/lacuruxa.org\/index.php\/wp-json\/wp\/v2\/comments?post=1448"}],"version-history":[{"count":4,"href":"https:\/\/lacuruxa.org\/index.php\/wp-json\/wp\/v2\/posts\/1448\/revisions"}],"predecessor-version":[{"id":7139,"href":"https:\/\/lacuruxa.org\/index.php\/wp-json\/wp\/v2\/posts\/1448\/revisions\/7139"}],"wp:attachment":[{"href":"https:\/\/lacuruxa.org\/index.php\/wp-json\/wp\/v2\/media?parent=1448"}],"wp:term":[{"taxonomy":"category","embeddable":true,"href":"https:\/\/lacuruxa.org\/index.php\/wp-json\/wp\/v2\/categories?post=1448"},{"taxonomy":"post_tag","embeddable":true,"href":"https:\/\/lacuruxa.org\/index.php\/wp-json\/wp\/v2\/tags?post=1448"}],"curies":[{"name":"wp","href":"https:\/\/api.w.org\/{rel}","templated":true}]}}