{"id":1446,"date":"2014-05-17T09:00:19","date_gmt":"2014-05-17T07:00:19","guid":{"rendered":"http:\/\/www.lacuruxa.org\/?p=1446"},"modified":"2021-01-09T19:43:53","modified_gmt":"2021-01-09T18:43:53","slug":"lago-ercina-canal-de-culiembro-poncebos-3","status":"publish","type":"post","link":"https:\/\/lacuruxa.org\/index.php\/2014\/05\/17\/lago-ercina-canal-de-culiembro-poncebos-3\/","title":{"rendered":"Lago Ercina &#8212; Canal De Culiembro &#8212; Poncebos"},"content":{"rendered":"\n<p>Comenzamos esta salida en las proximidades del lago La Ercina (1108&nbsp;m.), situado dentro del Parque Nacional de Covadonga, entre La Picota, las estribaciones de La Mosquital y El Bricial y la loma de Buferrera. Un camino ganadero bordea la majada de Buferrera, entra en el valle Mosquital para llegar a las f\u00e9rtiles camperas de la majada Belb\u00edn.<\/p>\n\n\n\n<p>Seguimos un marcado sendero para dar vista sobre la vega Las Mantegas en donde se bifurca, cruza m\u00e1s tarde el arroyo La Huelga y pasa cerca de la majada Bra\u00f1arredonda. El camino, tras superar una parte de roquedo, desemboca en una prolongada vega que al final remonta por su ladera izquierda para llegar a las verdes praderas y caba\u00f1as de la majada de Parres.<\/p>\n\n\n\n<p>El camino va tomando altura en direcci\u00f3n S., para llegar a la majada de Arnaedo; seguimos hasta alcanzar la collada de Sierra Buena (1400 m.), situada entre los picos Cabeza Xatera y Cabeza Cayarga. La senda desciende ahora para caer en la campera La Vega Maor, con varias caba\u00f1as repartidas por los extremos de la misma.<\/p>\n\n\n\n<p>Por el SE. el camino cruza la vega Los Corros y alcanza la collada Espines, que es un verdadero balc\u00f3n hacia la majada de Ost\u00f3n y la gran hendidura del Cares. Descendemos por el valle de La Texa para llegar a la majada de Ost\u00f3n (980 m.), que est\u00e1 asentada sobre terreno recio y agreste y parece colgada sobre las tajaduras del Cares, con una espectacular vista del macizo de Los Urrieles.<\/p>\n\n\n\n<p>Por su derecha el camino entra de lleno en la canal de Culiembro, un bello paisaje de \u00e1speras y angostas entalladuras de roca por donde desciende un retorcido sendero. La canal en su parte final se va abriendo y el camino se va suavizando para llegar a Culiembro (470 m.), al pie de la Senda del Cares. A partir de aqu\u00ed seguimos por la senda; tras pasar los chozos de La Vi\u00f1a y la caseta del Sayo, encontramos la subida a Los Collados, para iniciar un descenso que nos llevar\u00e1 a Poncebos, donde finalizamos esta salida.<\/p>\n\n\n\n<h2 class=\"wp-block-heading\">Mapa de la ruta<\/h2>\n\n\n\n<figure class=\"wp-block-image size-large is-resized\"><img loading=\"lazy\" decoding=\"async\" src=\"https:\/\/lacuruxa.org\/wp-content\/uploads\/2021\/01\/2014-lacuruxa-mapa-10_11251487505_o.jpg\" alt=\"2014-lacuruxa-mapa-10\" width=\"837\" height=\"614\"\/><\/figure>\n","protected":false},"excerpt":{"rendered":"<p>Comenzamos esta salida en las proximidades del lago La Ercina (1108&nbsp;m.), situado dentro del Parque Nacional de Covadonga, entre La Picota, las estribaciones de La Mosquital y El Bricial y la loma de Buferrera. Un camino ganadero bordea la majada de Buferrera, entra en el valle Mosquital para llegar a las f\u00e9rtiles camperas de la [&hellip;]<\/p>\n","protected":false},"author":40,"featured_media":0,"comment_status":"open","ping_status":"open","sticky":false,"template":"","format":"standard","meta":{"ngg_post_thumbnail":0,"footnotes":""},"categories":[463,37,36,60,13],"tags":[633,543,542,322,559,236,532],"class_list":{"0":"post-1446","1":"post","2":"type-post","3":"status-publish","4":"format-standard","6":"category-463","7":"category-cabrales","8":"category-cangas-de-onis","9":"category-onis","10":"category-travesia","11":"tag-633","12":"tag-cabrales","13":"tag-cangas-de-onis","14":"tag-lacuruxa","15":"tag-onis","16":"tag-rutas","17":"tag-travesia","18":"czr-hentry"},"_links":{"self":[{"href":"https:\/\/lacuruxa.org\/index.php\/wp-json\/wp\/v2\/posts\/1446","targetHints":{"allow":["GET"]}}],"collection":[{"href":"https:\/\/lacuruxa.org\/index.php\/wp-json\/wp\/v2\/posts"}],"about":[{"href":"https:\/\/lacuruxa.org\/index.php\/wp-json\/wp\/v2\/types\/post"}],"author":[{"embeddable":true,"href":"https:\/\/lacuruxa.org\/index.php\/wp-json\/wp\/v2\/users\/40"}],"replies":[{"embeddable":true,"href":"https:\/\/lacuruxa.org\/index.php\/wp-json\/wp\/v2\/comments?post=1446"}],"version-history":[{"count":2,"href":"https:\/\/lacuruxa.org\/index.php\/wp-json\/wp\/v2\/posts\/1446\/revisions"}],"predecessor-version":[{"id":7137,"href":"https:\/\/lacuruxa.org\/index.php\/wp-json\/wp\/v2\/posts\/1446\/revisions\/7137"}],"wp:attachment":[{"href":"https:\/\/lacuruxa.org\/index.php\/wp-json\/wp\/v2\/media?parent=1446"}],"wp:term":[{"taxonomy":"category","embeddable":true,"href":"https:\/\/lacuruxa.org\/index.php\/wp-json\/wp\/v2\/categories?post=1446"},{"taxonomy":"post_tag","embeddable":true,"href":"https:\/\/lacuruxa.org\/index.php\/wp-json\/wp\/v2\/tags?post=1446"}],"curies":[{"name":"wp","href":"https:\/\/api.w.org\/{rel}","templated":true}]}}