{"id":14191,"date":"2026-01-10T09:00:00","date_gmt":"2026-01-10T08:00:00","guid":{"rendered":"https:\/\/lacuruxa.org\/?p=14191"},"modified":"2026-01-07T19:15:06","modified_gmt":"2026-01-07T18:15:06","slug":"senda-de-la-abadia-y-ruta-de-las-fortificaciones","status":"publish","type":"post","link":"https:\/\/lacuruxa.org\/index.php\/2026\/01\/10\/senda-de-la-abadia-y-ruta-de-las-fortificaciones\/","title":{"rendered":"Senda de la Abad\u00eda y ruta de las Fortificaciones"},"content":{"rendered":"\n<p>Iniciamos esta salida junto a la estaci\u00f3n de FEVE de la localidad de Grao (50 m), antes de llegar al puente sobre el r\u00edo Cubia se toma un camino, en descenso, a la izquierda, entrando en el paseo, al lado del r\u00edo, encontramos un cartel sobre el Jard\u00edn de las Mariposas y su ubicaci\u00f3n. Seguimos caminando junto al r\u00edo; llegamos a la Mata, cruzamos la carretera y seguimos por el paseo, junto al r\u00edo Cubia, enseguida giramos a la izquierda, alej\u00e1ndonos del r\u00edo, dejamos el asfalto y entramos en un camino de tierra; en el siguiente cruce dejamos la carretera AS \u2013 313, que nos lleva a Gurull\u00e9s.<\/p>\n\n\n\n<p>Seguimos a la derecha, en un cruce que nos indica a las Corradas, vamos atravesando el pueblo en pendiente subida, hasta llegar a las casas de la Espina, aqu\u00ed hacemos un giro a la izquierda, entrando en una pista de tierra, entre casta\u00f1os; pasamos junto a las ruinas de la casa y panera de Casa Sandalio; continuamos subiendo, pasamos un par de cruces, seguimos recto hasta llegar a las casas de el Cueto. Nos vamos a la derecha, luego de un triple cruce seguimos recto, enseguida nos desviamos a la derecha, siguiendo la senda de la Abad\u00eda y la Ruta de las Fortificaciones del Frente de Grao, enseguida nos encontramos un cartel de la ruta, llegando a un nido de ametralladoras.<\/p>\n\n\n\n<p>Continuamos subiendo, de nuevo, por carretera, llegando a la aldea de Gurull\u00e9s, con su iglesia del s. XII, seguimos hasta llegar a un nuevo cruce con nuevo cartel de la Ruta de las Fortificaciones, justo al lado de otro nido de ametralladoras. Por la derecha iniciamos un descenso hacia San Pelayo, donde encontramos las ruinas de una casa con panera, aqu\u00ed, de nuevo, el camino va en ascenso, llegando a una bifurcaci\u00f3n, por la derecha se va hacia la Vega de Anz\u00f3, por la izquierda vemos otro nido de ametralladoras.<\/p>\n\n\n\n<p>Seguidamente vemos indicadores de la senda de la Abad\u00eda, a la derecha las ruinas de la Ermita San Pelayo; llegamos a un nuevo cruce, la senda, por un lado sube al Pico Guilleiro y, por el otro lado se llega a una casa, la Caba\u00f1a; m\u00e1s adelante, al llegar junto a la casa de los Barrientos, seguimos recto, pasando el arroyo de Anz\u00f3; seguimos la pista de la izquierda, entrando en Sestiello, al llegar junto a un h\u00f3rreo y plaza salimos de este n\u00facleo rural y entramos en una pista de tierra, encontrando un desv\u00edo por la izquierda que viene de Prioto; pasamos el t\u00fanel bajo la autopista, se pasa junto a la Ermita San Roque y llegamos, de nuevo, a la estaci\u00f3n, donde finalizamos esta salida.<\/p>\n\n\n\n<h2 class=\"wp-block-heading\">Mapa descriptivo de la ruta<\/h2>\n\n\n<div class=\"wp-block-image\">\n<figure class=\"aligncenter size-full\"><img loading=\"lazy\" decoding=\"async\" width=\"662\" height=\"1000\" src=\"https:\/\/lacuruxa.org\/wp-content\/uploads\/2026\/01\/20260110_lacuruxa.org_.png\" alt=\"\" class=\"wp-image-14169\" srcset=\"https:\/\/lacuruxa.org\/wp-content\/uploads\/2026\/01\/20260110_lacuruxa.org_.png 662w, https:\/\/lacuruxa.org\/wp-content\/uploads\/2026\/01\/20260110_lacuruxa.org_-199x300.png 199w\" sizes=\"auto, (max-width: 662px) 100vw, 662px\" \/><\/figure>\n<\/div>","protected":false},"excerpt":{"rendered":"<p>Iniciamos esta salida junto a la estaci\u00f3n de FEVE de la localidad de Grao (50 m), antes de llegar al puente sobre el r\u00edo Cubia se toma un camino, en descenso, a la izquierda, entrando en el paseo, al lado del r\u00edo, encontramos un cartel sobre el Jard\u00edn de las Mariposas y su ubicaci\u00f3n. Seguimos [&hellip;]<\/p>\n","protected":false},"author":40,"featured_media":14169,"comment_status":"open","ping_status":"closed","sticky":false,"template":"","format":"standard","meta":{"ngg_post_thumbnail":0,"footnotes":""},"categories":[944,12,484,55],"tags":[945,582,238,739,555,585,236],"class_list":{"0":"post-14191","1":"post","2":"type-post","3":"status-publish","4":"format-standard","5":"has-post-thumbnail","7":"category-944","8":"category-circuito","9":"category-dificultad-media","10":"category-grado","11":"tag-945","12":"tag-asturias","13":"tag-circuito-2","14":"tag-dificultad-media","15":"tag-grado","16":"tag-lacuruxa-org","17":"tag-rutas","18":"czr-hentry"},"_links":{"self":[{"href":"https:\/\/lacuruxa.org\/index.php\/wp-json\/wp\/v2\/posts\/14191","targetHints":{"allow":["GET"]}}],"collection":[{"href":"https:\/\/lacuruxa.org\/index.php\/wp-json\/wp\/v2\/posts"}],"about":[{"href":"https:\/\/lacuruxa.org\/index.php\/wp-json\/wp\/v2\/types\/post"}],"author":[{"embeddable":true,"href":"https:\/\/lacuruxa.org\/index.php\/wp-json\/wp\/v2\/users\/40"}],"replies":[{"embeddable":true,"href":"https:\/\/lacuruxa.org\/index.php\/wp-json\/wp\/v2\/comments?post=14191"}],"version-history":[{"count":1,"href":"https:\/\/lacuruxa.org\/index.php\/wp-json\/wp\/v2\/posts\/14191\/revisions"}],"predecessor-version":[{"id":14192,"href":"https:\/\/lacuruxa.org\/index.php\/wp-json\/wp\/v2\/posts\/14191\/revisions\/14192"}],"wp:featuredmedia":[{"embeddable":true,"href":"https:\/\/lacuruxa.org\/index.php\/wp-json\/wp\/v2\/media\/14169"}],"wp:attachment":[{"href":"https:\/\/lacuruxa.org\/index.php\/wp-json\/wp\/v2\/media?parent=14191"}],"wp:term":[{"taxonomy":"category","embeddable":true,"href":"https:\/\/lacuruxa.org\/index.php\/wp-json\/wp\/v2\/categories?post=14191"},{"taxonomy":"post_tag","embeddable":true,"href":"https:\/\/lacuruxa.org\/index.php\/wp-json\/wp\/v2\/tags?post=14191"}],"curies":[{"name":"wp","href":"https:\/\/api.w.org\/{rel}","templated":true}]}}