{"id":136,"date":"2006-06-30T06:00:28","date_gmt":"2006-06-30T05:00:28","guid":{"rendered":"http:\/\/www.lacuruxa.org\/weblog\/index.php\/2006\/06\/30\/parque-de-posets\/"},"modified":"2006-06-30T06:00:28","modified_gmt":"2006-06-30T05:00:28","slug":"parque-de-posets","status":"publish","type":"post","link":"https:\/\/lacuruxa.org\/index.php\/2006\/06\/30\/parque-de-posets\/","title":{"rendered":"Parque de Posets"},"content":{"rendered":"<p><img decoding=\"async\" src=\"http:\/\/www.lacuruxa.org\/2006\/fotos_rutas\/15.jpg\" alt=\"foto de la ruta\" \/><\/p>\n<p>La Besurta, lugar donde vamos a iniciar esta salida, se encuentra ubicada en el centro del Parque de Posets-Maladeta, al final de la carretera que viene desde Benasque, tras pasar por Hospital de Benasque.<\/p>\n<p>En la Besurta, tomamos una senda bien marcada con rumbo SE. remontando el barranco entramos en un bosque de pinos; subiremos un fuerte repecho (que aunque corto se hace notar), conocido como el Rallau o Paso de los Araneses, desembocando en una gran planicie herbosa, la de Aiguallut, al final de la cual se encuentra un enorme agujero (Furau), en el entra mediante una bonita cascada, el agua del deshielo del glaciar del Aneto. Levantando la vista podemos contemplar las nieves perpetuas del glaciar del Aneto.<\/p>\n<p>Continuamos subiendo a trav\u00e9s de pastizales y bosques de abetos hasta llegar al Ib\u00f3n de Coll de Toro; siguiendo un poco m\u00e1s adelante llegaremos al collado de Toro, desde donde podemos contemplar, a la izquierda el pico Nere (2576 m.) y a la derecha el pico Mall de L&#8217;Artiga (2709 m.)<br \/>\nEl regreso de nuevo por el mismo camino de la ida.<\/p>\n<p><img decoding=\"async\" src=\"http:\/\/www.lacuruxa.org\/2006\/fotos_mapas\/15.jpg\" alt=\"mapa de la ruta\" \/><\/p>\n","protected":false},"excerpt":{"rendered":"<p>La Besurta, lugar donde vamos a iniciar esta salida, se encuentra ubicada en el centro del Parque de Posets-Maladeta, al final de la carretera que viene desde Benasque, tras pasar por Hospital de Benasque. En la Besurta, tomamos una senda bien marcada con rumbo SE. remontando el barranco entramos en un bosque de pinos; subiremos [&hellip;]<\/p>\n","protected":false},"author":40,"featured_media":0,"comment_status":"open","ping_status":"open","sticky":false,"template":"","format":"standard","meta":{"ngg_post_thumbnail":0,"footnotes":""},"categories":[16,2,77,33,11,8],"tags":[],"class_list":{"0":"post-136","1":"post","2":"type-post","3":"status-publish","4":"format-standard","6":"category-16","7":"category-anos","8":"category-aragon","9":"category-comunidad-autonoma","10":"category-ida-y-vuelta","11":"category-tipo-de-ruta","12":"czr-hentry"},"_links":{"self":[{"href":"https:\/\/lacuruxa.org\/index.php\/wp-json\/wp\/v2\/posts\/136","targetHints":{"allow":["GET"]}}],"collection":[{"href":"https:\/\/lacuruxa.org\/index.php\/wp-json\/wp\/v2\/posts"}],"about":[{"href":"https:\/\/lacuruxa.org\/index.php\/wp-json\/wp\/v2\/types\/post"}],"author":[{"embeddable":true,"href":"https:\/\/lacuruxa.org\/index.php\/wp-json\/wp\/v2\/users\/40"}],"replies":[{"embeddable":true,"href":"https:\/\/lacuruxa.org\/index.php\/wp-json\/wp\/v2\/comments?post=136"}],"version-history":[{"count":0,"href":"https:\/\/lacuruxa.org\/index.php\/wp-json\/wp\/v2\/posts\/136\/revisions"}],"wp:attachment":[{"href":"https:\/\/lacuruxa.org\/index.php\/wp-json\/wp\/v2\/media?parent=136"}],"wp:term":[{"taxonomy":"category","embeddable":true,"href":"https:\/\/lacuruxa.org\/index.php\/wp-json\/wp\/v2\/categories?post=136"},{"taxonomy":"post_tag","embeddable":true,"href":"https:\/\/lacuruxa.org\/index.php\/wp-json\/wp\/v2\/tags?post=136"}],"curies":[{"name":"wp","href":"https:\/\/api.w.org\/{rel}","templated":true}]}}