{"id":135,"date":"2006-06-29T06:00:04","date_gmt":"2006-06-29T05:00:04","guid":{"rendered":"http:\/\/www.lacuruxa.org\/weblog\/index.php\/2006\/06\/29\/valle-de-tena\/"},"modified":"2006-11-08T14:39:21","modified_gmt":"2006-11-08T13:39:21","slug":"valle-de-tena","status":"publish","type":"post","link":"https:\/\/lacuruxa.org\/index.php\/2006\/06\/29\/valle-de-tena\/","title":{"rendered":"Valle de Tena"},"content":{"rendered":"<p><img decoding=\"async\" src=\"http:\/\/www.lacuruxa.org\/2006\/fotos_rutas\/14.jpg\" alt=\"foto de la ruta\" \/><\/p>\n<p>Comenzamos esta salida en la localidad de Fabregues (Francia) despu\u00e9s de descender el puerto del Portalet.<\/p>\n<p>Aqu\u00ed tomamos una telecabina que nos sube a la Sagettte.<\/p>\n<p>En Sagettte cogemos un tren tur\u00edstico de v\u00eda estrecha; el m\u00e1s alto de Europa (2000 m.). Este tren hace un recorrido de unos diez Km. a trav\u00e9s del valle d&#8217;Ossau y nos deja a quince minutos aproximadamente del lago D&#8217;Artouste.<\/p>\n<p>Una vez en el lago, lo bordeamos dej\u00e1ndolo a la derecha y llegar m\u00e1s tarde al refugio y lagos de Arremoulit, que tambi\u00e9n dejamos a la derecha.<\/p>\n<p>Tras subir un repecho, alcanzamos el collado de Arremoulit, situado entre los picos Palas y Ariel.<\/p>\n<p>Por una fuerte pendiente descendemos hasta el Ib\u00f3n de Ariel Alto, y dej\u00e1ndolo a la izquierda del camino para pasar al Ib\u00f3n Ariel inferior y desde aqu\u00ed a Llano Cheto.<\/p>\n<p>Seguimos en nuestro descenso al lado del curso del r\u00edo Aguas Limpias, que nos llevar\u00e1 al embalse de Sarra, muy cerca de la localidad de Sanllent de Gallego (Huesca), donde ponemos punto final a est\u00e1 salida.<\/p>\n<p><img decoding=\"async\" src=\"http:\/\/www.lacuruxa.org\/2006\/fotos_mapas\/14.jpg\" alt=\"mapa de la ruta\" \/><\/p>\n","protected":false},"excerpt":{"rendered":"<p>Comenzamos esta salida en la localidad de Fabregues (Francia) despu\u00e9s de descender el puerto del Portalet. Aqu\u00ed tomamos una telecabina que nos sube a la Sagettte. En Sagettte cogemos un tren tur\u00edstico de v\u00eda estrecha; el m\u00e1s alto de Europa (2000 m.). Este tren hace un recorrido de unos diez Km. a trav\u00e9s del valle [&hellip;]<\/p>\n","protected":false},"author":40,"featured_media":0,"comment_status":"open","ping_status":"open","sticky":false,"template":"","format":"standard","meta":{"ngg_post_thumbnail":0,"footnotes":""},"categories":[16,2,77,33,79,78,8,13],"tags":[],"class_list":{"0":"post-135","1":"post","2":"type-post","3":"status-publish","4":"format-standard","6":"category-16","7":"category-anos","8":"category-aragon","9":"category-comunidad-autonoma","10":"category-francia","11":"category-pais","12":"category-tipo-de-ruta","13":"category-travesia","14":"czr-hentry"},"_links":{"self":[{"href":"https:\/\/lacuruxa.org\/index.php\/wp-json\/wp\/v2\/posts\/135","targetHints":{"allow":["GET"]}}],"collection":[{"href":"https:\/\/lacuruxa.org\/index.php\/wp-json\/wp\/v2\/posts"}],"about":[{"href":"https:\/\/lacuruxa.org\/index.php\/wp-json\/wp\/v2\/types\/post"}],"author":[{"embeddable":true,"href":"https:\/\/lacuruxa.org\/index.php\/wp-json\/wp\/v2\/users\/40"}],"replies":[{"embeddable":true,"href":"https:\/\/lacuruxa.org\/index.php\/wp-json\/wp\/v2\/comments?post=135"}],"version-history":[{"count":0,"href":"https:\/\/lacuruxa.org\/index.php\/wp-json\/wp\/v2\/posts\/135\/revisions"}],"wp:attachment":[{"href":"https:\/\/lacuruxa.org\/index.php\/wp-json\/wp\/v2\/media?parent=135"}],"wp:term":[{"taxonomy":"category","embeddable":true,"href":"https:\/\/lacuruxa.org\/index.php\/wp-json\/wp\/v2\/categories?post=135"},{"taxonomy":"post_tag","embeddable":true,"href":"https:\/\/lacuruxa.org\/index.php\/wp-json\/wp\/v2\/tags?post=135"}],"curies":[{"name":"wp","href":"https:\/\/api.w.org\/{rel}","templated":true}]}}