{"id":121,"date":"2005-12-18T06:00:38","date_gmt":"2005-12-18T05:00:38","guid":{"rendered":"http:\/\/www.lacuruxa.org\/weblog\/index.php\/2005\/12\/18\/belen-de-cumbres-miyares-pico-ordiyon-miyares\/"},"modified":"2006-11-08T00:35:17","modified_gmt":"2006-11-07T23:35:17","slug":"belen-de-cumbres-miyares-pico-ordiyon-miyares","status":"publish","type":"post","link":"https:\/\/lacuruxa.org\/index.php\/2005\/12\/18\/belen-de-cumbres-miyares-pico-ordiyon-miyares\/","title":{"rendered":"Bel\u00e9n de cumbres: Miyares &#8211; Pico Ordiy\u00f3n &#8211; Miyares"},"content":{"rendered":"<p><img decoding=\"async\" src=\"http:\/\/www.lacuruxa.org\/2005\/fotos_rutas\/25.jpg\" alt=\"foto de la ruta\" \/><\/p>\n<p>Como es tradicional entre los monta\u00f1eros y en nuestro grupo, en esta salida se lleva a cabo la colocaci\u00f3n de un bel\u00e9n de cumbres en un pico. En esta ocasi\u00f3n, nuestro grupo tiene previsto colocar el bel\u00e9n en el concejo de Pilo\u00f1a, en la cumbre del pico Ordiy\u00f3n (717m.).<\/p>\n<p>Iniciamos esta salida en Miyares, a unos 200 m. de la iglesia, por la carretera de Colunga, tomando a la derecha el camino de la Armon\u00eda hasta una bifurcaci\u00f3n de caminos, donde seguiremos el de la izquierda que asciende por la Cuesta de Miyares, hasta alcanzar una pista que seguiremos hasta la Peruyal, donde hay una caba\u00f1a, as\u00ed como abundante arbolado. Continuamos hasta un falso llano, dejando la pista y siguiendo el camino de la derecha que discurre a trav\u00e9s de un peque\u00f1o bosque de robles, que nos conduce, por la campera de La Salgar hasta la falda del pico. Seguimos por sendero hasta la campera de forma circular de Pelaviellu, bonito lugar rodeado de espinos, continuamos hasta alcanzar la campera de la Linar, otro precioso lugar con un buen corro de fresnos. A partir de aqu\u00ed monte arriba hasta alcanzar la cumbre del pico Ordiy\u00f3n (717 m.), el m\u00e1s occidental del Sueve, una perfecta atalaya sobre el concejo de Pilo\u00f1a y la Asturias central, con sus cordales, valles, r\u00edos y pueblos, as\u00ed como los Picos de Europa al fondo. El descenso lo realizaremos por el mismo camino.<\/p>\n<p><img decoding=\"async\" src=\"http:\/\/www.lacuruxa.org\/2005\/fotos_mapas\/25.jpg\" alt=\"mapa de la ruta\" \/><\/p>\n","protected":false},"excerpt":{"rendered":"<p>Como es tradicional entre los monta\u00f1eros y en nuestro grupo, en esta salida se lleva a cabo la colocaci\u00f3n de un bel\u00e9n de cumbres en un pico. En esta ocasi\u00f3n, nuestro grupo tiene previsto colocar el bel\u00e9n en el concejo de Pilo\u00f1a, en la cumbre del pico Ordiy\u00f3n (717m.). Iniciamos esta salida en Miyares, a [&hellip;]<\/p>\n","protected":false},"author":40,"featured_media":0,"comment_status":"open","ping_status":"open","sticky":false,"template":"","format":"standard","meta":{"ngg_post_thumbnail":0,"footnotes":""},"categories":[17,2,21,11,29,8],"tags":[],"class_list":{"0":"post-121","1":"post","2":"type-post","3":"status-publish","4":"format-standard","6":"category-17","7":"category-anos","8":"category-concejos","9":"category-ida-y-vuelta","10":"category-pilona","11":"category-tipo-de-ruta","12":"czr-hentry"},"_links":{"self":[{"href":"https:\/\/lacuruxa.org\/index.php\/wp-json\/wp\/v2\/posts\/121","targetHints":{"allow":["GET"]}}],"collection":[{"href":"https:\/\/lacuruxa.org\/index.php\/wp-json\/wp\/v2\/posts"}],"about":[{"href":"https:\/\/lacuruxa.org\/index.php\/wp-json\/wp\/v2\/types\/post"}],"author":[{"embeddable":true,"href":"https:\/\/lacuruxa.org\/index.php\/wp-json\/wp\/v2\/users\/40"}],"replies":[{"embeddable":true,"href":"https:\/\/lacuruxa.org\/index.php\/wp-json\/wp\/v2\/comments?post=121"}],"version-history":[{"count":0,"href":"https:\/\/lacuruxa.org\/index.php\/wp-json\/wp\/v2\/posts\/121\/revisions"}],"wp:attachment":[{"href":"https:\/\/lacuruxa.org\/index.php\/wp-json\/wp\/v2\/media?parent=121"}],"wp:term":[{"taxonomy":"category","embeddable":true,"href":"https:\/\/lacuruxa.org\/index.php\/wp-json\/wp\/v2\/categories?post=121"},{"taxonomy":"post_tag","embeddable":true,"href":"https:\/\/lacuruxa.org\/index.php\/wp-json\/wp\/v2\/tags?post=121"}],"curies":[{"name":"wp","href":"https:\/\/api.w.org\/{rel}","templated":true}]}}