{"id":109,"date":"2005-06-11T06:00:01","date_gmt":"2005-06-11T05:00:01","guid":{"rendered":"http:\/\/www.lacuruxa.org\/weblog\/index.php\/2005\/06\/11\/san-esteban-pena-el-horru-valbona\/"},"modified":"2006-11-07T23:59:08","modified_gmt":"2006-11-07T22:59:08","slug":"san-esteban-pena-el-horru-valbona","status":"publish","type":"post","link":"https:\/\/lacuruxa.org\/index.php\/2005\/06\/11\/san-esteban-pena-el-horru-valbona\/","title":{"rendered":"San Esteban &#8211; Pe\u00f1a El Horru &#8211; Valbona"},"content":{"rendered":"<p><img decoding=\"async\" src=\"http:\/\/www.lacuruxa.org\/2005\/fotos_rutas\/12.jpg\" alt=\"foto de la ruta\" \/><\/p>\n<p>Iniciamos esta salida en San Esteban (800 m.), una arrinconada aldea del concejo de Belmonte de Miranda, tomando rumbo N., siguiendo el curso de un amplio camino carretero que a media ladera asciende directamente hacia el curso alto del arroyo; alcanzamos la majada Espines, con algunas caba\u00f1as, por donde vadeamos el arroyo hacia el promontorio situado en el escal\u00f3n superior de la prader\u00eda alcanzando la campa Cuxio, crucero de caminos en la vertical del pico Horreo.<\/p>\n<p>Proseguimos la ruta superando otra loma que nos encumbra en el collado Muraco. Sorteamos el terreno tapizado de mata baja, piorno, cotolla, etc.; una colladina aparece ante nosotros; tras superar los agrestes recuestos de su falda meridional alcanzamos la cima del pico El Horreo (1527 m.), hermosas panor\u00e1micas de sucular belleza sobre: la Cordillera Cantabrica, montes de Somiedo, valle de Pig\u00fce\u00f1a, sierra del Aramo, etc. De nuevo descendemos al collado Muraco, con rumbo NE. seguir por el valle, bajo las estribaciones de la sierra de La Manteca; toda esta falda est\u00e1 poblada de abundantes cotollas y piornos. Llegamos a un grupo de caba\u00f1as, cercanas al arroyo de las Borniellas, continuamos por una pista, encontramos la fuente de Bustill\u00edn y m\u00e1s adelante el collado Los Arengos, donde podemos asomarnos a la otra vertiente de la sierra, contemplando el concejo de Tineo.<\/p>\n<p>Finalizando el recorrido por todo el valle alcanzamos las aldeas de Balbona y Las Estacas para tomar un desvio y tras 2,5 Km. llegar a la carretera AS-310, donde nos recoge el autocar.<\/p>\n<p><img decoding=\"async\" src=\"http:\/\/www.lacuruxa.org\/2005\/fotos_mapas\/12.jpg\" alt=\"mapa de la ruta\" \/><\/p>\n","protected":false},"excerpt":{"rendered":"<p>Iniciamos esta salida en San Esteban (800 m.), una arrinconada aldea del concejo de Belmonte de Miranda, tomando rumbo N., siguiendo el curso de un amplio camino carretero que a media ladera asciende directamente hacia el curso alto del arroyo; alcanzamos la majada Espines, con algunas caba\u00f1as, por donde vadeamos el arroyo hacia el promontorio [&hellip;]<\/p>\n","protected":false},"author":40,"featured_media":0,"comment_status":"open","ping_status":"open","sticky":false,"template":"","format":"standard","meta":{"ngg_post_thumbnail":0,"footnotes":""},"categories":[17,2,72,21,8,13],"tags":[],"class_list":{"0":"post-109","1":"post","2":"type-post","3":"status-publish","4":"format-standard","6":"category-17","7":"category-anos","8":"category-belmonte-de-miranda","9":"category-concejos","10":"category-tipo-de-ruta","11":"category-travesia","12":"czr-hentry"},"_links":{"self":[{"href":"https:\/\/lacuruxa.org\/index.php\/wp-json\/wp\/v2\/posts\/109","targetHints":{"allow":["GET"]}}],"collection":[{"href":"https:\/\/lacuruxa.org\/index.php\/wp-json\/wp\/v2\/posts"}],"about":[{"href":"https:\/\/lacuruxa.org\/index.php\/wp-json\/wp\/v2\/types\/post"}],"author":[{"embeddable":true,"href":"https:\/\/lacuruxa.org\/index.php\/wp-json\/wp\/v2\/users\/40"}],"replies":[{"embeddable":true,"href":"https:\/\/lacuruxa.org\/index.php\/wp-json\/wp\/v2\/comments?post=109"}],"version-history":[{"count":0,"href":"https:\/\/lacuruxa.org\/index.php\/wp-json\/wp\/v2\/posts\/109\/revisions"}],"wp:attachment":[{"href":"https:\/\/lacuruxa.org\/index.php\/wp-json\/wp\/v2\/media?parent=109"}],"wp:term":[{"taxonomy":"category","embeddable":true,"href":"https:\/\/lacuruxa.org\/index.php\/wp-json\/wp\/v2\/categories?post=109"},{"taxonomy":"post_tag","embeddable":true,"href":"https:\/\/lacuruxa.org\/index.php\/wp-json\/wp\/v2\/tags?post=109"}],"curies":[{"name":"wp","href":"https:\/\/api.w.org\/{rel}","templated":true}]}}